{"id":28285,"date":"2026-01-28T00:05:55","date_gmt":"2026-01-28T05:05:55","guid":{"rendered":"https:\/\/hebdo24.com\/sandra-paulemon-la-eleccion-del-coraje-cuando-una-mujer-renuncia-a-la-comodidad-de-estados-unidos-para-servir-a-su-pais\/"},"modified":"2026-01-28T15:01:39","modified_gmt":"2026-01-28T20:01:39","slug":"sandra-paulemon-eleccion-coraje-servir-haiti","status":"publish","type":"post","link":"https:\/\/hebdo24.com\/es\/sandra-paulemon-eleccion-coraje-servir-haiti\/","title":{"rendered":"Sandra Paulemon, la elecci\u00f3n del coraje: cuando una mujer renuncia a la comodidad de Estados Unidos para servir a su pa\u00eds"},"content":{"rendered":"<p>Invitada al programa Ayisyen m ye, conducido por Mathias Pierre en Radio T\u00e9l\u00e9vision Cara\u00efbes, Sandra Paulemon ofreci\u00f3 un testimonio denso, reflexivo y sincero sobre su compromiso c\u00edvico, su trayectoria personal y su visi\u00f3n del papel que deben desempe\u00f1ar la juventud y la di\u00e1spora en la transformaci\u00f3n de la sociedad haitiana. Lejos de los discursos trillados y las posturas pol\u00edticas habituales, su intervenci\u00f3n se destac\u00f3 como un ejercicio de lucidez, respaldado por una trayectoria acad\u00e9mica, profesional y humana construida a lo largo del tiempo.<\/p>\n<p>Emprendedora, comunicadora, analista y doctoranda en la etapa final de sus estudios en pol\u00edticas p\u00fablicas con concentraci\u00f3n en pol\u00edtica social, Sandra Paulemon posee una licenciatura en Ciencias de la Comunicaci\u00f3n, un MBA en Finanzas y una maestr\u00eda en Relaciones Internacionales y Asuntos Exteriores. Este recorrido multidisciplinario fundamenta un enfoque del compromiso basado en la comprensi\u00f3n de las instituciones, las relaciones de poder y las din\u00e1micas sociales, yendo mucho m\u00e1s all\u00e1 de la simple conquista de cargos pol\u00edticos.<\/p>\n<p>Como excandidata a diputada por la circunscripci\u00f3n de Cornillon\/Grand-Bois, nunca disocia la pol\u00edtica de la noci\u00f3n de servicio. En el plat\u00f3 de RTVC Hait\u00ed, explic\u00f3 que su compromiso no es fruto de la improvisaci\u00f3n ni del oportunismo, sino de una construcci\u00f3n progresiva nutrida por la experiencia, la observaci\u00f3n y el trabajo de campo.<\/p>\n<p>Sandra Paulemon no se define como una pol\u00edtica cl\u00e1sica, sino como una mujer comprometida por convicci\u00f3n. Nacida en Puerto Pr\u00edncipe y criada en Cornillon Grand-Bois, reivindica una identidad profundamente arraigada en las realidades populares. Proviene de una familia que ya estaba implicada en la vida p\u00fablica: su padre, Jean-Baptiste Paulemon, fue notario p\u00fablico y magistrado comunal durante la \u00e9poca de los Duvalier, y su madre, costurera y militante de Lavalas. \u00abNo entr\u00e9 en la pol\u00edtica por casualidad. Crec\u00ed en ella\u00bb, afirma.<\/p>\n<p>Reaccionando a esta presentaci\u00f3n, el presentador Mathias Pierre subraya que ella proviene de dos polos pol\u00edticos a menudo percibidos como opuestos, o incluso extremos. Una observaci\u00f3n que Sandra Paulemon asume plenamente. Responde sin rodeos: \u00abMwen s\u00f2ti nan de p\u00f4le politik ki chak gen yon jan yo w\u00e8 Ayiti, epi chak gen yon jan pa yo, yo renmen Ayiti\u00bb(Vengo de dos polos pol\u00edticos que tienen cada uno su forma de ver a Hait\u00ed, y cada uno a su manera, ama a Hait\u00ed). Esta respuesta resume su postura: rechazar las divisiones simplistas y reconocer la pluralidad de visiones, afirmando al mismo tiempo un apego com\u00fan por el pa\u00eds.<\/p>\n<p>Para ella, esta dualidad no es ni una contradicci\u00f3n ni una desventaja, sino una riqueza. Ve en ella la posibilidad de comprender a Hait\u00ed en toda su complejidad, sin reducir el amor por el pa\u00eds a una \u00fanica lectura ideol\u00f3gica. Se puede amar a Hait\u00ed de formas diferentes sin ser necesariamente enemigos.<\/p>\n<p>Un punto de inflexi\u00f3n decisivo en su trayectoria ocurri\u00f3 a los 26 a\u00f1os. Mientras viv\u00eda en Estados Unidos, en Connecticut, disfrutando de un entorno estable y c\u00f3modo, tom\u00f3 una decisi\u00f3n que muchos juzgar\u00edan irracional: regresar a Hait\u00ed para involucrarse directamente en el terreno pol\u00edtico. Esta elecci\u00f3n, que asume plenamente, se inspir\u00f3 en el ejemplo de su padre, quien tambi\u00e9n regres\u00f3 a vivir a su pa\u00eds tras una experiencia en el extranjero. Explica haber comprendido que el impacto real se construye all\u00ed donde las necesidades son m\u00e1s urgentes.<\/p>\n<p>Esta inmersi\u00f3n en Hait\u00ed, lejos de ser idealizada, estuvo marcada por fuertes turbulencias pol\u00edticas y sociales. Sandra Paulemon habla de un per\u00edodo formativo, a veces agotador, que contribuy\u00f3 a forjar su personalidad y a afinar su visi\u00f3n ciudadana. Seg\u00fan ella, esos a\u00f1os le permitieron sobre todo medir la magnitud del d\u00e9ficit de educaci\u00f3n c\u00edvica y de conocimiento del derecho en la sociedad haitiana, un hallazgo que considera fundamental para entender la fragilidad del v\u00ednculo entre los ciudadanos y las instituciones.<\/p>\n<p>Ella estima que no se puede exigir una democracia funcional sin ciudadanos informados de sus derechos y deberes. Para ella, la ausencia de cultura c\u00edvica alimenta la manipulaci\u00f3n pol\u00edtica, la desmovilizaci\u00f3n ciudadana y la reproducci\u00f3n de pr\u00e1cticas de gobernanza desconectadas de las realidades sociales.<\/p>\n<p>Su compromiso se inscribe tambi\u00e9n en una dimensi\u00f3n ideol\u00f3gica asumida. Se reconoce en los valores del partido Pitit Dessalines, que percibe como un intento de reconectar con los ideales de Jean-Jacques Dessalines: soberan\u00eda, justicia social y dignidad nacional. Sostiene que estos ideales siguen siendo una br\u00fajula pertinente para pensar el futuro del pa\u00eds, recordando al mismo tiempo que la ideolog\u00eda nunca puede sustituir al an\u00e1lisis cr\u00edtico ni a la acci\u00f3n concreta.<\/p>\n<p>Las grandes movilizaciones populares de 2015 constituyen otro momento estructural en su recorrido. La calle, la confrontaci\u00f3n y, a veces, la violencia se convirtieron en una escuela pol\u00edtica a cielo abierto. \u00abNo entr\u00e9 en pol\u00edtica para vivir de ella, sino para trabajar\u00bb, insiste. Este per\u00edodo, lejos de alejarla, reforz\u00f3 su convicci\u00f3n de que el cambio real requiere resistencia, rigor y constancia.<\/p>\n<p>Junto a su compa\u00f1ero Assad Volcy, inici\u00f3 posteriormente una transici\u00f3n hacia el periodismo cofundando Gazette Ha\u00efti News en mayo de 2017. El medio naci\u00f3 del encuentro de dos temperamentos diferentes pero complementarios, impulsados por una misma visi\u00f3n: informar con rigor, contribuir a la educaci\u00f3n c\u00edvica y defender los derechos ciudadanos. Aclara que no era un medio de facci\u00f3n, sino una herramienta al servicio de la sociedad, reivindicando una independencia editorial asumida en un paisaje medi\u00e1tico a menudo polarizado.<\/p>\n<p>Esta coherencia entre el discurso y la acci\u00f3n se manifiesta tambi\u00e9n en sus decisiones recientes. En 2024, cuando el Consejo Presidencial de Transici\u00f3n le propuso un puesto de direcci\u00f3n adjunta en la ONA (Oficina Nacional de Seguro de Vejez), declin\u00f3 la oferta. Un rechazo que sorprendi\u00f3 a muchos, pero que ella justifica sin rodeos. Explica que los t\u00edtulos no le interesan si no producen ning\u00fan impacto real en la vida de los ciudadanos.<\/p>\n<p>Diez a\u00f1os despu\u00e9s de sus primeros compromisos, Sandra Paulemon afirma no albergar ning\u00fan arrepentimiento. Cada etapa, incluidos los fracasos y las renuncias, ha contribuido a reforzar su postura y a afinar su visi\u00f3n. Hoy reivindica un compromiso multiforme \u2014acad\u00e9mico, empresarial, medi\u00e1tico y c\u00edvico\u2014 convencida de que la transformaci\u00f3n social no pasa por un \u00fanico canal.<\/p>\n<p>Al final de la emisi\u00f3n, su mensaje a la juventud y a la di\u00e1spora es claro, casi exigente. Comprometerse, s\u00ed, pero sin b\u00fasqueda de reconocimiento ni obsesi\u00f3n por los cargos. \u00abMi \u00fanico verdadero arrepentimiento ser\u00eda traicionar aquello en lo que creo\u00bb, afirma. Para ella, el regreso a Hait\u00ed nunca debe ser un proyecto individual o narcisista. Se trata de venir para aprender, escuchar y comprender las realidades del terreno, y no para imponer soluciones prefabricadas.<\/p>\n<p>Insiste en la importancia de las acciones de proximidad, a menudo modestas pero esenciales. Hait\u00ed, seg\u00fan ella, necesita ciudadanos responsables, convencidos de que cada peque\u00f1a acci\u00f3n puede producir grandes resultados. Es un llamado a la humildad y a la constancia, en un contexto donde los discursos grandilocuentes han reemplazado demasiadas veces a la acci\u00f3n.<\/p>\n<p>A trav\u00e9s de su testimonio, Sandra Paulemon encarna otra manera de concebir el compromiso pol\u00edtico: m\u00e1s sobria, m\u00e1s coherente, anclada en la \u00e9tica del servicio en lugar de en la b\u00fasqueda del poder. En un pa\u00eds marcado por una profunda desconfianza hacia sus \u00e9lites, su trayectoria recuerda que el compromiso puede seguir siendo un acto de coraje, responsabilidad y fe en lo colectivo.<\/p>\n","protected":false},"excerpt":{"rendered":"<p>Invitada al programa Ayisyen m ye, conducido por Mathias Pierre en Radio T\u00e9l\u00e9vision Cara\u00efbes, Sandra Paulemon ofreci\u00f3 un testimonio denso, reflexivo y sincero sobre su compromiso c\u00edvico, su trayectoria personal y su visi\u00f3n del papel que deben desempe\u00f1ar la juventud y la di\u00e1spora en la transformaci\u00f3n de la sociedad haitiana. Lejos de los discursos trillados [&hellip;]<\/p>\n","protected":false},"author":59,"featured_media":28284,"comment_status":"closed","ping_status":"closed","sticky":false,"template":"","format":"standard","meta":{"footnotes":""},"categories":[2287],"tags":[2612,2763,2142,3288],"class_list":{"0":"post-28285","1":"post","2":"type-post","3":"status-publish","4":"format-standard","5":"has-post-thumbnail","7":"category-empresa","8":"tag-diaspora-haitiana","9":"tag-diaspora-haitiana-es","10":"tag-haiti-es","11":"tag-sandra-paulemon"},"_links":{"self":[{"href":"https:\/\/hebdo24.com\/es\/wp-json\/wp\/v2\/posts\/28285","targetHints":{"allow":["GET"]}}],"collection":[{"href":"https:\/\/hebdo24.com\/es\/wp-json\/wp\/v2\/posts"}],"about":[{"href":"https:\/\/hebdo24.com\/es\/wp-json\/wp\/v2\/types\/post"}],"author":[{"embeddable":true,"href":"https:\/\/hebdo24.com\/es\/wp-json\/wp\/v2\/users\/59"}],"replies":[{"embeddable":true,"href":"https:\/\/hebdo24.com\/es\/wp-json\/wp\/v2\/comments?post=28285"}],"version-history":[{"count":1,"href":"https:\/\/hebdo24.com\/es\/wp-json\/wp\/v2\/posts\/28285\/revisions"}],"predecessor-version":[{"id":28286,"href":"https:\/\/hebdo24.com\/es\/wp-json\/wp\/v2\/posts\/28285\/revisions\/28286"}],"wp:featuredmedia":[{"embeddable":true,"href":"https:\/\/hebdo24.com\/es\/wp-json\/wp\/v2\/media\/28284"}],"wp:attachment":[{"href":"https:\/\/hebdo24.com\/es\/wp-json\/wp\/v2\/media?parent=28285"}],"wp:term":[{"taxonomy":"category","embeddable":true,"href":"https:\/\/hebdo24.com\/es\/wp-json\/wp\/v2\/categories?post=28285"},{"taxonomy":"post_tag","embeddable":true,"href":"https:\/\/hebdo24.com\/es\/wp-json\/wp\/v2\/tags?post=28285"}],"curies":[{"name":"wp","href":"https:\/\/api.w.org\/{rel}","templated":true}]}}