{"id":28022,"date":"2025-11-20T09:11:18","date_gmt":"2025-11-20T14:11:18","guid":{"rendered":"https:\/\/hebdo24.com\/la-policia-judicial-de-haiti-cita-al-empresario-andre-apaid-jr-por-acusaciones-de-trafico-de-organos-y-produccion-de-marihuana\/"},"modified":"2025-11-20T09:11:18","modified_gmt":"2025-11-20T14:11:18","slug":"la-policia-judicial-de-haiti-cita-al-empresario-andre-apaid-jr-por-acusaciones-de-trafico-de-organos-y-produccion-de-marihuana","status":"publish","type":"post","link":"https:\/\/hebdo24.com\/es\/la-policia-judicial-de-haiti-cita-al-empresario-andre-apaid-jr-por-acusaciones-de-trafico-de-organos-y-produccion-de-marihuana\/","title":{"rendered":"La Polic\u00eda Judicial de Hait\u00ed cita al empresario Andr\u00e9 Apaid Jr. por acusaciones de tr\u00e1fico de \u00f3rganos y producci\u00f3n de marihuana"},"content":{"rendered":"<p>PUERTO PR\u00cdNCIPE \u2014 La Direcci\u00f3n Central de la Polic\u00eda Judicial (DCPJ) ha convocado oficialmente al empresario Andr\u00e9 Apaid Junior para interrogarlo en relaci\u00f3n con presuntas actividades sospechosas difundidas recientemente en los medios de comunicaci\u00f3n, las cuales van desde el tr\u00e1fico de \u00f3rganos hasta la producci\u00f3n de marihuana.<\/p>\n<p>Seg\u00fan fuentes cercanas al caso, esta citaci\u00f3n se enmarca dentro de una investigaci\u00f3n preliminar dirigida por la DCPJ. Los investigadores ya habr\u00edan remitido un informe de inteligencia a la Fiscal\u00eda de Croix-des-Bouquets, solicitando la delegaci\u00f3n de facultades necesaria para proceder.<\/p>\n<p>De acuerdo con la informaci\u00f3n disponible, el empresario respondi\u00f3 por escrito a la DCPJ para acusar recibo de la convocatoria. Sin embargo, Apaid precis\u00f3 que actualmente no se encuentra en Hait\u00ed, motivo por el cual le resulta imposible presentarse en la fecha prevista, el jueves 20 de noviembre.<\/p>\n<p>En su correspondencia, Apaid expres\u00f3 su voluntad de cooperar plenamente con las autoridades, solicitando al mismo tiempo un aplazamiento de su audiencia para la semana siguiente. Hasta el momento, la DCPJ no se ha pronunciado oficialmente sobre dicha solicitud.<\/p>\n","protected":false},"excerpt":{"rendered":"<p>PUERTO PR\u00cdNCIPE \u2014 La Direcci\u00f3n Central de la Polic\u00eda Judicial (DCPJ) ha convocado oficialmente al empresario Andr\u00e9 Apaid Junior para interrogarlo en relaci\u00f3n con presuntas actividades sospechosas difundidas recientemente en los medios de comunicaci\u00f3n, las cuales van desde el tr\u00e1fico de \u00f3rganos hasta la producci\u00f3n de marihuana. Seg\u00fan fuentes cercanas al caso, esta citaci\u00f3n se [&hellip;]<\/p>\n","protected":false},"author":51,"featured_media":28014,"comment_status":"closed","ping_status":"closed","sticky":false,"template":"","format":"standard","meta":{"footnotes":""},"categories":[2132],"tags":[3130,3129,2227,2142,2164],"class_list":{"0":"post-28022","1":"post","2":"type-post","3":"status-publish","4":"format-standard","5":"has-post-thumbnail","7":"category-justicia","8":"tag-andre-apaid","9":"tag-andy-apaid","10":"tag-dcpj-es","11":"tag-haiti-es","12":"tag-haiti-es-2"},"_links":{"self":[{"href":"https:\/\/hebdo24.com\/es\/wp-json\/wp\/v2\/posts\/28022","targetHints":{"allow":["GET"]}}],"collection":[{"href":"https:\/\/hebdo24.com\/es\/wp-json\/wp\/v2\/posts"}],"about":[{"href":"https:\/\/hebdo24.com\/es\/wp-json\/wp\/v2\/types\/post"}],"author":[{"embeddable":true,"href":"https:\/\/hebdo24.com\/es\/wp-json\/wp\/v2\/users\/51"}],"replies":[{"embeddable":true,"href":"https:\/\/hebdo24.com\/es\/wp-json\/wp\/v2\/comments?post=28022"}],"version-history":[{"count":0,"href":"https:\/\/hebdo24.com\/es\/wp-json\/wp\/v2\/posts\/28022\/revisions"}],"wp:featuredmedia":[{"embeddable":true,"href":"https:\/\/hebdo24.com\/es\/wp-json\/wp\/v2\/media\/28014"}],"wp:attachment":[{"href":"https:\/\/hebdo24.com\/es\/wp-json\/wp\/v2\/media?parent=28022"}],"wp:term":[{"taxonomy":"category","embeddable":true,"href":"https:\/\/hebdo24.com\/es\/wp-json\/wp\/v2\/categories?post=28022"},{"taxonomy":"post_tag","embeddable":true,"href":"https:\/\/hebdo24.com\/es\/wp-json\/wp\/v2\/tags?post=28022"}],"curies":[{"name":"wp","href":"https:\/\/api.w.org\/{rel}","templated":true}]}}