{"id":26225,"date":"2025-07-20T09:44:06","date_gmt":"2025-07-20T13:44:06","guid":{"rendered":"https:\/\/hebdo24.com\/sin-categoria\/la-visita-del-presidente-colombiano-a-haiti-revelo-un-profundo-malestar-diplomatico\/"},"modified":"2025-07-20T09:44:06","modified_gmt":"2025-07-20T13:44:06","slug":"la-visita-del-presidente-colombiano-a-haiti-revelo-un-profundo-malestar-diplomatico","status":"publish","type":"post","link":"https:\/\/hebdo24.com\/es\/la-visita-del-presidente-colombiano-a-haiti-revelo-un-profundo-malestar-diplomatico\/","title":{"rendered":"La visita del presidente colombiano a Hait\u00ed revel\u00f3 un profundo malestar diplom\u00e1tico"},"content":{"rendered":"<p>La visita del presidente colombiano Gustavo Petro a Hait\u00ed el 18 de julio de 2025 revel\u00f3 un profundo malestar diplom\u00e1tico.<\/p>\n<p>Anunciada como un encuentro oficial de dos d\u00edas, la visita se redujo a unas pocas horas, marcadas por reuniones canceladas y la ausencia de una conferencia de prensa conjunta.<\/p>\n<p>[read_also post_id=\u201826048\u2019]<\/p>\n<p>Este silencio ensordecedor reflej\u00f3 una falta de inter\u00e9s y cierto desprecio, en claro contraste con las anteriores promesas de cooperaci\u00f3n.<\/p>\n<p>La reacci\u00f3n a esta visita, m\u00e1s que un simple incidente diplom\u00e1tico, podr\u00eda ser determinante para el futuro de las relaciones entre ambas naciones.<\/p>\n","protected":false},"excerpt":{"rendered":"<p>La visita del presidente colombiano Gustavo Petro a Hait\u00ed el 18 de julio de 2025 revel\u00f3 un profundo malestar diplom\u00e1tico. Anunciada como un encuentro oficial de dos d\u00edas, la visita se redujo a unas pocas horas, marcadas por reuniones canceladas y la ausencia de una conferencia de prensa conjunta. [read_also post_id=\u201826048\u2019] Este silencio ensordecedor reflej\u00f3 [&hellip;]<\/p>\n","protected":false},"author":51,"featured_media":26171,"comment_status":"open","ping_status":"open","sticky":false,"template":"","format":"standard","meta":{"footnotes":""},"categories":[2131],"tags":[2827],"class_list":{"0":"post-26225","1":"post","2":"type-post","3":"status-publish","4":"format-standard","5":"has-post-thumbnail","7":"category-diplomacia","8":"tag-gustavo-petro-es"},"_links":{"self":[{"href":"https:\/\/hebdo24.com\/es\/wp-json\/wp\/v2\/posts\/26225","targetHints":{"allow":["GET"]}}],"collection":[{"href":"https:\/\/hebdo24.com\/es\/wp-json\/wp\/v2\/posts"}],"about":[{"href":"https:\/\/hebdo24.com\/es\/wp-json\/wp\/v2\/types\/post"}],"author":[{"embeddable":true,"href":"https:\/\/hebdo24.com\/es\/wp-json\/wp\/v2\/users\/51"}],"replies":[{"embeddable":true,"href":"https:\/\/hebdo24.com\/es\/wp-json\/wp\/v2\/comments?post=26225"}],"version-history":[{"count":0,"href":"https:\/\/hebdo24.com\/es\/wp-json\/wp\/v2\/posts\/26225\/revisions"}],"wp:featuredmedia":[{"embeddable":true,"href":"https:\/\/hebdo24.com\/es\/wp-json\/wp\/v2\/media\/26171"}],"wp:attachment":[{"href":"https:\/\/hebdo24.com\/es\/wp-json\/wp\/v2\/media?parent=26225"}],"wp:term":[{"taxonomy":"category","embeddable":true,"href":"https:\/\/hebdo24.com\/es\/wp-json\/wp\/v2\/categories?post=26225"},{"taxonomy":"post_tag","embeddable":true,"href":"https:\/\/hebdo24.com\/es\/wp-json\/wp\/v2\/tags?post=26225"}],"curies":[{"name":"wp","href":"https:\/\/api.w.org\/{rel}","templated":true}]}}