{"id":26214,"date":"2025-07-17T20:08:16","date_gmt":"2025-07-18T00:08:16","guid":{"rendered":"https:\/\/hebdo24.com\/sin-categoria\/que-trae-didier-fils-aime-de-washington-para-ayudar-verdaderamente-a-haiti\/"},"modified":"2025-07-17T20:08:16","modified_gmt":"2025-07-18T00:08:16","slug":"retorno-didier-fils-aime-washington-sin-ayuda-concreta-haiti","status":"publish","type":"post","link":"https:\/\/hebdo24.com\/es\/retorno-didier-fils-aime-washington-sin-ayuda-concreta-haiti\/","title":{"rendered":"\u00bfQu\u00e9 trae Didier Fils-Aim\u00e9 de Washington para ayudar verdaderamente a Hait\u00ed?"},"content":{"rendered":"<div style=\"font-family: sans-serif; color: #000; line-height: 1.6;\">\n<p>El regreso del primer ministro haitiano Alix Didier Fils-Aim\u00e9 a Puerto Pr\u00edncipe, planeado con una puesta en escena espectacular, genera interrogantes. Aunque su viaje a Estados Unidos incluy\u00f3 reuniones con algunos diplom\u00e1ticos, la falta de apoyo concreto de Washington es preocupante.<\/p>\n<p>No se ha anunciado ning\u00fan plan de ayuda ni reconocimiento oficial de su gobierno, lo que sugiere una falta de inter\u00e9s en la situaci\u00f3n de Hait\u00ed.<\/p>\n<p>Mientras la poblaci\u00f3n enfrenta una creciente inseguridad y una grave crisis humanitaria, las festividades en torno a su regreso parecen vac\u00edas de sentido.<\/p>\n<blockquote style=\"border-left: 4px solid #EC4236; margin: 20px 0; padding: 10px 20px; background-color: #f9f9f9;\"><p>\n    Los tambores de rara no compensar\u00e1n la ausencia de un apoyo tangible.\n  <\/p><\/blockquote>\n<p>En lugar de un espect\u00e1culo, Hait\u00ed necesita acciones significativas para superar sus desaf\u00edos.<\/p>\n<\/div>\n","protected":false},"excerpt":{"rendered":"<p>El regreso del primer ministro haitiano Alix Didier Fils-Aim\u00e9 a Puerto Pr\u00edncipe, planeado con una puesta en escena espectacular, genera interrogantes. Aunque su viaje a Estados Unidos incluy\u00f3 reuniones con algunos diplom\u00e1ticos, la falta de apoyo concreto de Washington es preocupante. No se ha anunciado ning\u00fan plan de ayuda ni reconocimiento oficial de su gobierno, [&hellip;]<\/p>\n","protected":false},"author":51,"featured_media":26033,"comment_status":"open","ping_status":"open","sticky":false,"template":"","format":"standard","meta":{"footnotes":""},"categories":[2141],"tags":[2171,2349],"class_list":{"0":"post-26214","1":"post","2":"type-post","3":"status-publish","4":"format-standard","5":"has-post-thumbnail","7":"category-politica","8":"tag-alix-didier-fils-aime-es","9":"tag-washington-es"},"_links":{"self":[{"href":"https:\/\/hebdo24.com\/es\/wp-json\/wp\/v2\/posts\/26214","targetHints":{"allow":["GET"]}}],"collection":[{"href":"https:\/\/hebdo24.com\/es\/wp-json\/wp\/v2\/posts"}],"about":[{"href":"https:\/\/hebdo24.com\/es\/wp-json\/wp\/v2\/types\/post"}],"author":[{"embeddable":true,"href":"https:\/\/hebdo24.com\/es\/wp-json\/wp\/v2\/users\/51"}],"replies":[{"embeddable":true,"href":"https:\/\/hebdo24.com\/es\/wp-json\/wp\/v2\/comments?post=26214"}],"version-history":[{"count":2,"href":"https:\/\/hebdo24.com\/es\/wp-json\/wp\/v2\/posts\/26214\/revisions"}],"predecessor-version":[{"id":26217,"href":"https:\/\/hebdo24.com\/es\/wp-json\/wp\/v2\/posts\/26214\/revisions\/26217"}],"wp:featuredmedia":[{"embeddable":true,"href":"https:\/\/hebdo24.com\/es\/wp-json\/wp\/v2\/media\/26033"}],"wp:attachment":[{"href":"https:\/\/hebdo24.com\/es\/wp-json\/wp\/v2\/media?parent=26214"}],"wp:term":[{"taxonomy":"category","embeddable":true,"href":"https:\/\/hebdo24.com\/es\/wp-json\/wp\/v2\/categories?post=26214"},{"taxonomy":"post_tag","embeddable":true,"href":"https:\/\/hebdo24.com\/es\/wp-json\/wp\/v2\/tags?post=26214"}],"curies":[{"name":"wp","href":"https:\/\/api.w.org\/{rel}","templated":true}]}}