{"id":26078,"date":"2025-07-18T23:04:05","date_gmt":"2025-07-19T03:04:05","guid":{"rendered":"https:\/\/hebdo24.com\/?p=26078"},"modified":"2025-07-18T23:52:11","modified_gmt":"2025-07-19T03:52:11","slug":"pierre-reginald-boulos-arrestado-eeuu","status":"publish","type":"post","link":"https:\/\/hebdo24.com\/es\/pierre-reginald-boulos-arrestado-eeuu\/","title":{"rendered":"El empresario haitiano Pierre R\u00e9ginald Boulos detenido por las autoridades estadounidenses"},"content":{"rendered":"<div style=\"font-family: sans-serif; line-height: 1.6; color: #111111;\">\n<h3 style=\"font-weight: bold; color: #111111;\">Empresario haitiano Pierre R\u00e9ginald Boulos arrestado por las autoridades estadounidenses<\/h3>\n<p><strong>Pierre R\u00e9ginald Boulos<\/strong>, m\u00e9dico y empresario haitiano de renombre, fue arrestado el <strong>viernes 18 de julio de 2025<\/strong> por agentes del <strong>Servicio de Inmigraci\u00f3n y Control de Aduanas de EE. UU. (ICE)<\/strong>.<\/p>\n<p>La detenci\u00f3n tuvo lugar en horas de la tarde en su residencia privada en Florida. Seg\u00fan los primeros informes, el arresto se debe a <span style=\"color: #ec4236; font-weight: bold;\">incoherencias detectadas en el formulario de solicitud de residencia permanente<\/span> que el Sr. Boulos present\u00f3 a las autoridades estadounidenses.<\/p>\n<p>[read_also post_id=&#8217;26116&#8242;]<\/p>\n<blockquote style=\"border-left: 4px solid #EC4236; padding-left: 15px; margin-left: 0;\"><p>Una fuente cercana a la familia confi\u00f3 al periodista <strong>P\u00e9guy Jean<\/strong> que el Dr. Boulos est\u00e1 acusado de no haber declarado ante inmigraci\u00f3n su condici\u00f3n de miembro fundador del partido pol\u00edtico <strong>MTV-Ha\u00efti<\/strong>, informaci\u00f3n considerada esencial por las autoridades.<\/p><\/blockquote>\n<p>Tambi\u00e9n se informa que el nombre del <strong>Sr. Boulos<\/strong>, quien ten\u00eda plazo hasta el <strong>2 de diciembre de 2025<\/strong> para abandonar el territorio estadounidense, est\u00e1 <span style=\"color: #ec4236; font-weight: bold;\">vinculado al asesinato de Jovenel Mo\u00efse<\/span>.<\/p>\n<\/div>\n","protected":false},"excerpt":{"rendered":"<p>Empresario haitiano Pierre R\u00e9ginald Boulos arrestado por las autoridades estadounidenses Pierre R\u00e9ginald Boulos, m\u00e9dico y empresario haitiano de renombre, fue arrestado el viernes 18 de julio de 2025 por agentes del Servicio de Inmigraci\u00f3n y Control de Aduanas de EE. UU. (ICE). La detenci\u00f3n tuvo lugar en horas de la tarde en su residencia privada [&hellip;]<\/p>\n","protected":false},"author":51,"featured_media":26079,"comment_status":"open","ping_status":"open","sticky":false,"template":"","format":"standard","meta":{"footnotes":""},"categories":[2185],"tags":[2152,2819,2841,2473],"class_list":{"0":"post-26078","1":"post","2":"type-post","3":"status-publish","4":"format-standard","5":"has-post-thumbnail","7":"category-migracion","8":"tag-ee-uu","9":"tag-pierre-reginald-boulos","10":"tag-pierre-reginald-boulos-es","11":"tag-reginald-boulos-es"},"_links":{"self":[{"href":"https:\/\/hebdo24.com\/es\/wp-json\/wp\/v2\/posts\/26078","targetHints":{"allow":["GET"]}}],"collection":[{"href":"https:\/\/hebdo24.com\/es\/wp-json\/wp\/v2\/posts"}],"about":[{"href":"https:\/\/hebdo24.com\/es\/wp-json\/wp\/v2\/types\/post"}],"author":[{"embeddable":true,"href":"https:\/\/hebdo24.com\/es\/wp-json\/wp\/v2\/users\/51"}],"replies":[{"embeddable":true,"href":"https:\/\/hebdo24.com\/es\/wp-json\/wp\/v2\/comments?post=26078"}],"version-history":[{"count":3,"href":"https:\/\/hebdo24.com\/es\/wp-json\/wp\/v2\/posts\/26078\/revisions"}],"predecessor-version":[{"id":26167,"href":"https:\/\/hebdo24.com\/es\/wp-json\/wp\/v2\/posts\/26078\/revisions\/26167"}],"wp:featuredmedia":[{"embeddable":true,"href":"https:\/\/hebdo24.com\/es\/wp-json\/wp\/v2\/media\/26079"}],"wp:attachment":[{"href":"https:\/\/hebdo24.com\/es\/wp-json\/wp\/v2\/media?parent=26078"}],"wp:term":[{"taxonomy":"category","embeddable":true,"href":"https:\/\/hebdo24.com\/es\/wp-json\/wp\/v2\/categories?post=26078"},{"taxonomy":"post_tag","embeddable":true,"href":"https:\/\/hebdo24.com\/es\/wp-json\/wp\/v2\/tags?post=26078"}],"curies":[{"name":"wp","href":"https:\/\/api.w.org\/{rel}","templated":true}]}}