{"id":25312,"date":"2025-07-05T15:14:26","date_gmt":"2025-07-05T19:14:26","guid":{"rendered":"https:\/\/hebdo24.com\/sin-categoria\/esta-el-primer-ministro-alix-didier-fils-aime-en-la-cuerda-floja\/"},"modified":"2025-07-05T15:14:26","modified_gmt":"2025-07-05T19:14:26","slug":"esta-el-primer-ministro-alix-didier-fils-aime-en-la-cuerda-floja","status":"publish","type":"post","link":"https:\/\/hebdo24.com\/es\/esta-el-primer-ministro-alix-didier-fils-aime-en-la-cuerda-floja\/","title":{"rendered":"\u00bfEst\u00e1 el Primer Ministro Alix Didier Fils-Aim\u00e9 en la cuerda floja?"},"content":{"rendered":"<p dir=\"auto\">La situaci\u00f3n pol\u00edtica en Hait\u00ed est\u00e1 marcada por la fragilidad del Primer Ministro Alix Didier Fils-Aim\u00e9, cuya gesti\u00f3n de la crisis de seguridad genera cr\u00edticas crecientes.<\/p>\n<p dir=\"auto\">Con su salida aparentemente inminente, figuras influyentes del sector privado est\u00e1n emergiendo para desempe\u00f1ar un papel clave en la reconfiguraci\u00f3n pol\u00edtica.<\/p>\n<p dir=\"auto\">Hist\u00f3ricamente percibidos como hacedores de reyes, estos barones buscan proteger sus intereses frente a una inestabilidad creciente que amenaza al pa\u00eds.<\/p>\n<p dir=\"auto\">El Consejo Presidencial de Transici\u00f3n (CPT) es criticado por su falta de liderazgo, y los actores econ\u00f3micos se preparan para influir en la elecci\u00f3n del pr\u00f3ximo gobierno.<\/p>\n<p dir=\"auto\">Esto plantea interrogantes sobre la legitimidad de un poder que podr\u00eda repetir los errores del pasado.<\/p>\n<p dir=\"auto\">La sociedad civil debe mantenerse vigilante, exigiendo transparencia y responsabilidad para garantizar una gobernanza verdaderamente democr\u00e1tica al servicio del bien com\u00fan<\/p>\n","protected":false},"excerpt":{"rendered":"<p>La situaci\u00f3n pol\u00edtica en Hait\u00ed est\u00e1 marcada por la fragilidad del Primer Ministro Alix Didier Fils-Aim\u00e9, cuya gesti\u00f3n de la crisis de seguridad genera cr\u00edticas crecientes. Con su salida aparentemente inminente, figuras influyentes del sector privado est\u00e1n emergiendo para desempe\u00f1ar un papel clave en la reconfiguraci\u00f3n pol\u00edtica. Hist\u00f3ricamente percibidos como hacedores de reyes, estos barones [&hellip;]<\/p>\n","protected":false},"author":59,"featured_media":25663,"comment_status":"open","ping_status":"open","sticky":false,"template":"","format":"standard","meta":{"footnotes":""},"categories":[2141],"tags":[2171],"class_list":{"0":"post-25312","1":"post","2":"type-post","3":"status-publish","4":"format-standard","5":"has-post-thumbnail","7":"category-politica","8":"tag-alix-didier-fils-aime-es"},"_links":{"self":[{"href":"https:\/\/hebdo24.com\/es\/wp-json\/wp\/v2\/posts\/25312","targetHints":{"allow":["GET"]}}],"collection":[{"href":"https:\/\/hebdo24.com\/es\/wp-json\/wp\/v2\/posts"}],"about":[{"href":"https:\/\/hebdo24.com\/es\/wp-json\/wp\/v2\/types\/post"}],"author":[{"embeddable":true,"href":"https:\/\/hebdo24.com\/es\/wp-json\/wp\/v2\/users\/59"}],"replies":[{"embeddable":true,"href":"https:\/\/hebdo24.com\/es\/wp-json\/wp\/v2\/comments?post=25312"}],"version-history":[{"count":0,"href":"https:\/\/hebdo24.com\/es\/wp-json\/wp\/v2\/posts\/25312\/revisions"}],"wp:featuredmedia":[{"embeddable":true,"href":"https:\/\/hebdo24.com\/es\/wp-json\/wp\/v2\/media\/25663"}],"wp:attachment":[{"href":"https:\/\/hebdo24.com\/es\/wp-json\/wp\/v2\/media?parent=25312"}],"wp:term":[{"taxonomy":"category","embeddable":true,"href":"https:\/\/hebdo24.com\/es\/wp-json\/wp\/v2\/categories?post=25312"},{"taxonomy":"post_tag","embeddable":true,"href":"https:\/\/hebdo24.com\/es\/wp-json\/wp\/v2\/tags?post=25312"}],"curies":[{"name":"wp","href":"https:\/\/api.w.org\/{rel}","templated":true}]}}