{"id":25287,"date":"2025-07-03T12:30:21","date_gmt":"2025-07-03T16:30:21","guid":{"rendered":"https:\/\/hebdo24.com\/sin-categoria\/haitianos-amenazados-de-expulsion-en-estados-unidos-kathia-verdier-miente-como-una-ciudadana-comun\/"},"modified":"2025-07-04T08:15:56","modified_gmt":"2025-07-04T12:15:56","slug":"kathia-verdier-expulsion-haitianos-eeuu","status":"publish","type":"post","link":"https:\/\/hebdo24.com\/es\/kathia-verdier-expulsion-haitianos-eeuu\/","title":{"rendered":"Haitianos amenazados de expulsi\u00f3n en Estados Unidos: Kathia Verdier miente como una ciudadana com\u00fan"},"content":{"rendered":"<p>Mientras miles de haitianos enfrentan el riesgo de ser expulsados de Estados Unidos, las declaraciones de Kathia Verdier han generado una fuerte reacci\u00f3n dentro de la di\u00e1spora y la opini\u00f3n p\u00fablica.<\/p>\n<p>Durante el programa \u00abLos Martes de la Naci\u00f3n\u00bb, afirm\u00f3 que \u00abLakay se lakay\u00bb (El hogar es el hogar) y exhort\u00f3 a sus compatriotas a \u00abmantener la cabeza fr\u00eda\u00bb.<\/p>\n<p>Una declaraci\u00f3n mal recibida: Si bien su intenci\u00f3n parec\u00eda ser un llamado a la calma, muchos la interpretan como una negaci\u00f3n flagrante de la realidad que viven los migrantes haitianos enfrentados a expulsiones inminentes.<\/p>\n<p>Sus detractores denuncian una minimizaci\u00f3n de la crisis en Hait\u00ed, un pa\u00eds sumido en una inseguridad generalizada, una inestabilidad pol\u00edtica cr\u00f3nica y el colapso total de los servicios p\u00fablicos. En tales condiciones, un retorno forzado equivale, para muchos, a poner sus vidas en peligro.<\/p>\n<p>Este discurso, considerado desconectado de la realidad sobre el terreno, ilustra la creciente brecha entre algunos representantes del Estado y las verdaderas preocupaciones de la di\u00e1spora haitiana.<\/p>\n<p>Aunque algunos observadores interpretan sus palabras como un llamado a la dignidad, la falta de compromiso concreto para apoyar a los expulsados sigue siendo profundamente preocupante.<\/p>\n","protected":false},"excerpt":{"rendered":"<p>Mientras miles de haitianos enfrentan el riesgo de ser expulsados de Estados Unidos, las declaraciones de Kathia Verdier han generado una fuerte reacci\u00f3n dentro de la di\u00e1spora y la opini\u00f3n p\u00fablica. Durante el programa \u00abLos Martes de la Naci\u00f3n\u00bb, afirm\u00f3 que \u00abLakay se lakay\u00bb (El hogar es el hogar) y exhort\u00f3 a sus compatriotas a [&hellip;]<\/p>\n","protected":false},"author":59,"featured_media":25289,"comment_status":"open","ping_status":"open","sticky":false,"template":"","format":"standard","meta":{"footnotes":""},"categories":[2326],"tags":[2763,2764,2325,2765,2570],"class_list":{"0":"post-25287","1":"post","2":"type-post","3":"status-publish","4":"format-standard","5":"has-post-thumbnail","7":"category-diaspora","8":"tag-diaspora-haitiana-es","9":"tag-expulsion-de-los-haitianos","10":"tag-kathia-verdier-es","11":"tag-migrantes-haitianos","12":"tag-tps-es"},"_links":{"self":[{"href":"https:\/\/hebdo24.com\/es\/wp-json\/wp\/v2\/posts\/25287","targetHints":{"allow":["GET"]}}],"collection":[{"href":"https:\/\/hebdo24.com\/es\/wp-json\/wp\/v2\/posts"}],"about":[{"href":"https:\/\/hebdo24.com\/es\/wp-json\/wp\/v2\/types\/post"}],"author":[{"embeddable":true,"href":"https:\/\/hebdo24.com\/es\/wp-json\/wp\/v2\/users\/59"}],"replies":[{"embeddable":true,"href":"https:\/\/hebdo24.com\/es\/wp-json\/wp\/v2\/comments?post=25287"}],"version-history":[{"count":1,"href":"https:\/\/hebdo24.com\/es\/wp-json\/wp\/v2\/posts\/25287\/revisions"}],"predecessor-version":[{"id":25288,"href":"https:\/\/hebdo24.com\/es\/wp-json\/wp\/v2\/posts\/25287\/revisions\/25288"}],"wp:featuredmedia":[{"embeddable":true,"href":"https:\/\/hebdo24.com\/es\/wp-json\/wp\/v2\/media\/25289"}],"wp:attachment":[{"href":"https:\/\/hebdo24.com\/es\/wp-json\/wp\/v2\/media?parent=25287"}],"wp:term":[{"taxonomy":"category","embeddable":true,"href":"https:\/\/hebdo24.com\/es\/wp-json\/wp\/v2\/categories?post=25287"},{"taxonomy":"post_tag","embeddable":true,"href":"https:\/\/hebdo24.com\/es\/wp-json\/wp\/v2\/tags?post=25287"}],"curies":[{"name":"wp","href":"https:\/\/api.w.org\/{rel}","templated":true}]}}