{"id":25172,"date":"2025-06-28T07:24:19","date_gmt":"2025-06-28T11:24:19","guid":{"rendered":"https:\/\/hebdo24.com\/sin-categoria\/desvio-de-fondos-en-el-fne-esaie-beauchard-mantiene-firmes-sus-acusaciones-contra-sterline-civil\/"},"modified":"2025-06-28T08:29:50","modified_gmt":"2025-06-28T12:29:50","slug":"esaie-beauchard-acusa-sterline-civil-desvio-fondos-fne","status":"publish","type":"post","link":"https:\/\/hebdo24.com\/es\/esaie-beauchard-acusa-sterline-civil-desvio-fondos-fne\/","title":{"rendered":"Desv\u00edo de fondos en el FNE: Esa\u00efe Beauchard mantiene firmes sus acusaciones contra Sterline Civil"},"content":{"rendered":"<div style=\"max-width: 720px; margin: 40px auto; padding: 28px 26px; background-color: #ffffff; border-radius: 10px; box-shadow: 0 6px 18px rgba(0, 0, 0, 0.05); font-family: 'Segoe UI', sans-serif; font-size: 17px; line-height: 1.8; color: #222;\">\n<p style=\"margin-bottom: 20px;\">\n    El exalcalde de Cit\u00e9 Soleil, <strong>Esa\u00efe Beauchard<\/strong>, sostiene firmemente sus acusaciones contra <strong>Sterline Civil<\/strong>, directora general del <strong>Fondo Nacional de Educaci\u00f3n (FNE)<\/strong>.\n  <\/p>\n<p style=\"margin-bottom: 20px;\">\n    Beauchard, tambi\u00e9n l\u00edder de <strong>ROSPO<\/strong>, alega que la se\u00f1ora Civil ha estado involucrada en el <strong>desv\u00edo de fondos<\/strong> dentro de la instituci\u00f3n que dirige.\n  <\/p>\n<p style=\"margin-bottom: 20px;\">\n    Manifest\u00f3 su disposici\u00f3n a responder a la citaci\u00f3n al tribunal correccional emitida por la directora general del FNE.\n  <\/p>\n<p style=\"margin-bottom: 0;\">\n    Sin embargo, enfatiz\u00f3 que, para garantizar una verdadera <strong>equidad<\/strong>, la se\u00f1ora Civil debe renunciar a su cargo antes de su comparecencia ante el tribunal.\n  <\/p>\n<\/div>\n","protected":false},"excerpt":{"rendered":"<p>El exalcalde de Cit\u00e9 Soleil, Esa\u00efe Beauchard, sostiene firmemente sus acusaciones contra Sterline Civil, directora general del Fondo Nacional de Educaci\u00f3n (FNE). Beauchard, tambi\u00e9n l\u00edder de ROSPO, alega que la se\u00f1ora Civil ha estado involucrada en el desv\u00edo de fondos dentro de la instituci\u00f3n que dirige. Manifest\u00f3 su disposici\u00f3n a responder a la citaci\u00f3n al [&hellip;]<\/p>\n","protected":false},"author":59,"featured_media":25174,"comment_status":"open","ping_status":"open","sticky":false,"template":"","format":"standard","meta":{"footnotes":""},"categories":[2138],"tags":[2334,2742,2139,2142,2140],"class_list":{"0":"post-25172","1":"post","2":"type-post","3":"status-publish","4":"format-standard","5":"has-post-thumbnail","7":"category-educacion","8":"tag-corrupcion","9":"tag-esaie-beauchard-es","10":"tag-fne-es","11":"tag-haiti-es","12":"tag-sterline-civil-es"},"_links":{"self":[{"href":"https:\/\/hebdo24.com\/es\/wp-json\/wp\/v2\/posts\/25172","targetHints":{"allow":["GET"]}}],"collection":[{"href":"https:\/\/hebdo24.com\/es\/wp-json\/wp\/v2\/posts"}],"about":[{"href":"https:\/\/hebdo24.com\/es\/wp-json\/wp\/v2\/types\/post"}],"author":[{"embeddable":true,"href":"https:\/\/hebdo24.com\/es\/wp-json\/wp\/v2\/users\/59"}],"replies":[{"embeddable":true,"href":"https:\/\/hebdo24.com\/es\/wp-json\/wp\/v2\/comments?post=25172"}],"version-history":[{"count":1,"href":"https:\/\/hebdo24.com\/es\/wp-json\/wp\/v2\/posts\/25172\/revisions"}],"predecessor-version":[{"id":25173,"href":"https:\/\/hebdo24.com\/es\/wp-json\/wp\/v2\/posts\/25172\/revisions\/25173"}],"wp:featuredmedia":[{"embeddable":true,"href":"https:\/\/hebdo24.com\/es\/wp-json\/wp\/v2\/media\/25174"}],"wp:attachment":[{"href":"https:\/\/hebdo24.com\/es\/wp-json\/wp\/v2\/media?parent=25172"}],"wp:term":[{"taxonomy":"category","embeddable":true,"href":"https:\/\/hebdo24.com\/es\/wp-json\/wp\/v2\/categories?post=25172"},{"taxonomy":"post_tag","embeddable":true,"href":"https:\/\/hebdo24.com\/es\/wp-json\/wp\/v2\/tags?post=25172"}],"curies":[{"name":"wp","href":"https:\/\/api.w.org\/{rel}","templated":true}]}}