{"id":24979,"date":"2025-06-21T20:45:37","date_gmt":"2025-06-22T00:45:37","guid":{"rendered":"https:\/\/hebdo24.com\/sin-categoria\/incapaz-de-liderar-fritz-alphonse-jean-acusa\/"},"modified":"2025-06-21T20:45:37","modified_gmt":"2025-06-22T00:45:37","slug":"fritz-jean-culpa-crisis-transicion-haiti","status":"publish","type":"post","link":"https:\/\/hebdo24.com\/es\/fritz-jean-culpa-crisis-transicion-haiti\/","title":{"rendered":"Incapaz de liderar, Fritz Alphonse Jean acusa"},"content":{"rendered":"<p><strong>Incapaz de ocultar la ineficacia del gobierno de transici\u00f3n que preside<\/strong>, Fritz Alphonse Jean prefiere se\u00f1alar a otros. Durante una entrevista concedida a un grupo de periodistas el <strong>viernes 20 de junio de 2025<\/strong>, el presidente del <strong>Consejo Presidencial de Transici\u00f3n (CPT)<\/strong> reconoci\u00f3 la <strong>baja tasa de desembolso del presupuesto de emergencia<\/strong>, limitada a solo un <strong>13,7 %<\/strong>, que atribuye a <em>\u00abdisfunciones graves\u00bb<\/em> dentro de la administraci\u00f3n.<\/p>\n<p><strong>Sin rodeos<\/strong>, Fritz Jean acus\u00f3 al <strong>ministro de Defensa, Jean Michel Mo\u00efse<\/strong>, de bloquear el proceso. En particular, le reproch\u00f3 <strong>no haber enviado el esp\u00e9cimen de la firma del jefe del ej\u00e9rcito<\/strong> al Ministerio de Econom\u00eda y Finanzas, lo que impidi\u00f3 cualquier desembolso en favor de las Fuerzas Armadas. <em>\u00abEs un ejemplo claro de disfunci\u00f3n\u00bb<\/em>, declar\u00f3.<\/p>\n<p>Pero el malestar va m\u00e1s all\u00e1 del solo Ministerio de Defensa. El presidente del CPT tambi\u00e9n se\u00f1al\u00f3 <strong>las demoras burocr\u00e1ticas<\/strong>: los expedientes pasan por la <strong>CNMP, la Corte de Cuentas, Planificaci\u00f3n y el MEF<\/strong>, sin una coordinaci\u00f3n real. <em>\u00abEs como si no existiera una mesa capaz de reunir a 12 personas para tomar decisiones\u00bb<\/em>, lament\u00f3.<\/p>\n<p>En un tono mordaz, denunci\u00f3 <strong>la inacci\u00f3n frente a la gravedad de la crisis<\/strong>: <em>\u00abEs como si estuvi\u00e9ramos en Suiza o Suecia, mientras aqu\u00ed miles de personas est\u00e1n desplazadas, violadas, heridas\u00bb<\/em>.<\/p>\n<p>Fritz Alphonse Jean tambi\u00e9n mencion\u00f3 otra crisis: <strong>la fuga masiva de cuadros de la administraci\u00f3n p\u00fablica<\/strong>, agravada por el <em>\u00abPrograma Biden\u00bb<\/em>, que facilit\u00f3 el exilio de numerosos funcionarios experimentados. Resultado: <strong>instituciones atrofiadas<\/strong>, dirigidas por personas <em>\u00abque no conocen la funci\u00f3n p\u00fablica\u00bb<\/em>.<\/p>\n<p>Esta intervenci\u00f3n medi\u00e1tica del presidente del CPT, entre <strong>la confesi\u00f3n de impotencia<\/strong> y <strong>el intento de trasladar la responsabilidad<\/strong>, refleja una <strong>transici\u00f3n estancada<\/strong>, incapaz de responder a la urgencia del pa\u00eds.<\/p>\n<\/article>\n","protected":false},"excerpt":{"rendered":"<p>Incapaz de ocultar la ineficacia del gobierno de transici\u00f3n que preside, Fritz Alphonse Jean prefiere se\u00f1alar a otros. Durante una entrevista concedida a un grupo de periodistas el viernes 20 de junio de 2025, el presidente del Consejo Presidencial de Transici\u00f3n (CPT) reconoci\u00f3 la baja tasa de desembolso del presupuesto de emergencia, limitada a solo [&hellip;]<\/p>\n","protected":false},"author":59,"featured_media":24980,"comment_status":"open","ping_status":"open","sticky":false,"template":"","format":"standard","meta":{"footnotes":""},"categories":[2141],"tags":[2290],"class_list":{"0":"post-24979","1":"post","2":"type-post","3":"status-publish","4":"format-standard","5":"has-post-thumbnail","7":"category-politica","8":"tag-fritz-alphonse-jean-es"},"_links":{"self":[{"href":"https:\/\/hebdo24.com\/es\/wp-json\/wp\/v2\/posts\/24979","targetHints":{"allow":["GET"]}}],"collection":[{"href":"https:\/\/hebdo24.com\/es\/wp-json\/wp\/v2\/posts"}],"about":[{"href":"https:\/\/hebdo24.com\/es\/wp-json\/wp\/v2\/types\/post"}],"author":[{"embeddable":true,"href":"https:\/\/hebdo24.com\/es\/wp-json\/wp\/v2\/users\/59"}],"replies":[{"embeddable":true,"href":"https:\/\/hebdo24.com\/es\/wp-json\/wp\/v2\/comments?post=24979"}],"version-history":[{"count":2,"href":"https:\/\/hebdo24.com\/es\/wp-json\/wp\/v2\/posts\/24979\/revisions"}],"predecessor-version":[{"id":24982,"href":"https:\/\/hebdo24.com\/es\/wp-json\/wp\/v2\/posts\/24979\/revisions\/24982"}],"wp:featuredmedia":[{"embeddable":true,"href":"https:\/\/hebdo24.com\/es\/wp-json\/wp\/v2\/media\/24980"}],"wp:attachment":[{"href":"https:\/\/hebdo24.com\/es\/wp-json\/wp\/v2\/media?parent=24979"}],"wp:term":[{"taxonomy":"category","embeddable":true,"href":"https:\/\/hebdo24.com\/es\/wp-json\/wp\/v2\/categories?post=24979"},{"taxonomy":"post_tag","embeddable":true,"href":"https:\/\/hebdo24.com\/es\/wp-json\/wp\/v2\/tags?post=24979"}],"curies":[{"name":"wp","href":"https:\/\/api.w.org\/{rel}","templated":true}]}}