{"id":24916,"date":"2025-06-20T18:39:40","date_gmt":"2025-06-20T22:39:40","guid":{"rendered":"https:\/\/hebdo24.com\/?p=24916"},"modified":"2025-06-21T09:35:53","modified_gmt":"2025-06-21T13:35:53","slug":"graves-violaciones-de-los-derechos-de-los-ninos-la-pandilla-viv-ansanm-incluida-en-la-lista-de-la-verguenza-de-la-onu","status":"publish","type":"post","link":"https:\/\/hebdo24.com\/es\/graves-violaciones-de-los-derechos-de-los-ninos-la-pandilla-viv-ansanm-incluida-en-la-lista-de-la-verguenza-de-la-onu\/","title":{"rendered":"Graves violaciones de los derechos de los ni\u00f1os: la pandilla \u201cViv Ansanm\u201d incluida en la \u201clista de la verg\u00fcenza\u201d de la ONU"},"content":{"rendered":"<p><strong>En su informe anual publicado el jueves 19 de junio de 2025<\/strong>, el Secretario General de la ONU incluy\u00f3 por primera vez a un grupo armado haitiano en su infame <em>\u201clista de la verg\u00fcenza\u201d.<\/em> Se trata de la coalici\u00f3n criminal <strong>\u201cViv Ansanm\u201d<\/strong>, acusada de graves violaciones de los derechos de los ni\u00f1os en el contexto de un conflicto armado urbano.<\/p>\n<p>Formada en 2024 por la uni\u00f3n de las coaliciones rivales <strong>G9<\/strong> y <strong>G-P\u00e8p<\/strong>, \u201cViv Ansanm\u201d se ha destacado por su brutalidad. Seg\u00fan el informe, el grupo es responsable de <strong>asesinatos, mutilaciones, violaciones, violencia sexual<\/strong> y <strong>ataques contra escuelas y hospitales<\/strong>.<\/p>\n<p>Las cifras son alarmantes: en 2024, la ONU registr\u00f3 <strong>2,269 violaciones graves<\/strong> que afectaron a <strong>1,373 ni\u00f1os<\/strong> en Hait\u00ed. Entre estos casos:<\/p>\n<ul>\n<li><strong>213 ni\u00f1os asesinados<\/strong><\/li>\n<li><strong>138 heridos<\/strong><\/li>\n<li><strong>566 v\u00edctimas de violencia sexual<\/strong>, incluyendo <strong>406 violaciones<\/strong> y <strong>160 violaciones colectivas<\/strong><\/li>\n<li><strong>302 ni\u00f1os reclutados<\/strong> por pandillas armadas<\/li>\n<\/ul>\n<p>En comparaci\u00f3n con 2023, esto representa un <strong>aumento del 490%<\/strong> en las violaciones graves, colocando a Hait\u00ed entre los <strong>cinco pa\u00edses m\u00e1s afectados del mundo<\/strong>.<\/p>\n","protected":false},"excerpt":{"rendered":"<p>En su informe anual publicado el jueves 19 de junio de 2025, el Secretario General de la ONU incluy\u00f3 por primera vez a un grupo armado haitiano en su infame \u201clista de la verg\u00fcenza\u201d. Se trata de la coalici\u00f3n criminal \u201cViv Ansanm\u201d, acusada de graves violaciones de los derechos de los ni\u00f1os en el contexto [&hellip;]<\/p>\n","protected":false},"author":59,"featured_media":24917,"comment_status":"open","ping_status":"open","sticky":false,"template":"","format":"standard","meta":{"footnotes":""},"categories":[2132],"tags":[2142,2151],"class_list":{"0":"post-24916","1":"post","2":"type-post","3":"status-publish","4":"format-standard","5":"has-post-thumbnail","7":"category-justicia","8":"tag-haiti-es","9":"tag-viv-ansanm-es"},"_links":{"self":[{"href":"https:\/\/hebdo24.com\/es\/wp-json\/wp\/v2\/posts\/24916","targetHints":{"allow":["GET"]}}],"collection":[{"href":"https:\/\/hebdo24.com\/es\/wp-json\/wp\/v2\/posts"}],"about":[{"href":"https:\/\/hebdo24.com\/es\/wp-json\/wp\/v2\/types\/post"}],"author":[{"embeddable":true,"href":"https:\/\/hebdo24.com\/es\/wp-json\/wp\/v2\/users\/59"}],"replies":[{"embeddable":true,"href":"https:\/\/hebdo24.com\/es\/wp-json\/wp\/v2\/comments?post=24916"}],"version-history":[{"count":1,"href":"https:\/\/hebdo24.com\/es\/wp-json\/wp\/v2\/posts\/24916\/revisions"}],"predecessor-version":[{"id":24918,"href":"https:\/\/hebdo24.com\/es\/wp-json\/wp\/v2\/posts\/24916\/revisions\/24918"}],"wp:featuredmedia":[{"embeddable":true,"href":"https:\/\/hebdo24.com\/es\/wp-json\/wp\/v2\/media\/24917"}],"wp:attachment":[{"href":"https:\/\/hebdo24.com\/es\/wp-json\/wp\/v2\/media?parent=24916"}],"wp:term":[{"taxonomy":"category","embeddable":true,"href":"https:\/\/hebdo24.com\/es\/wp-json\/wp\/v2\/categories?post=24916"},{"taxonomy":"post_tag","embeddable":true,"href":"https:\/\/hebdo24.com\/es\/wp-json\/wp\/v2\/tags?post=24916"}],"curies":[{"name":"wp","href":"https:\/\/api.w.org\/{rel}","templated":true}]}}