{"id":24880,"date":"2025-06-19T21:42:16","date_gmt":"2025-06-20T01:42:16","guid":{"rendered":"https:\/\/hebdo24.com\/?p=24880"},"modified":"2025-06-20T09:37:08","modified_gmt":"2025-06-20T13:37:08","slug":"haiti-fritz-jean-periodistas-seleccionados-cpt-prensa","status":"publish","type":"post","link":"https:\/\/hebdo24.com\/es\/haiti-fritz-jean-periodistas-seleccionados-cpt-prensa\/","title":{"rendered":"Cuando Fritz Alphonse Jean selecciona \u201csus\u201d periodistas para una entrevista"},"content":{"rendered":"<p>El presidente del Consejo Presidencial de Transici\u00f3n (CPT), <strong>Fritz Alphonse Jean<\/strong>, se dirigir\u00e1 oficialmente a la prensa el <strong>viernes 20 de junio de 2025 a las 11 de la ma\u00f1ana<\/strong> en la <strong>Villa d\u2019Accueil<\/strong>.<\/p>\n<p>Este discurso, muy esperado en un contexto de <strong>bloqueo institucional<\/strong> e <strong>incertidumbre generalizada<\/strong>, ya est\u00e1 generando fuertes cr\u00edticas por su formato: <strong>solo cinco periodistas cuidadosamente seleccionados han sido invitados<\/strong>.<\/p>\n<h3>\ud83d\udde3\ufe0f Los periodistas invitados:<\/h3>\n<ul>\n<li><strong>Marvel Dandin<\/strong> (<em>Radio Kiskeya<\/em>)<\/li>\n<li><strong>H\u00e9rold Jean-Fran\u00e7ois<\/strong> (<em>Radio Ibo<\/em>)<\/li>\n<li><strong>Wendell Th\u00e9odore<\/strong> (<em>Radio M\u00e9tropole<\/em>)<\/li>\n<li><strong>Frantz Duval<\/strong> (<em>Le Nouvelliste<\/em>)<\/li>\n<li><strong>Gotson Pierre<\/strong> (<em>AlterPresse<\/em>)<\/li>\n<\/ul>\n<p>Esta selecci\u00f3n limitada <strong>alimenta sospechas de una comunicaci\u00f3n controlada<\/strong>. Muchos observadores ven en esto un intento de <strong>controlar la narrativa<\/strong>, marginando voces cr\u00edticas o independientes.<\/p>\n<p>En un pa\u00eds sumido en una <strong>profunda crisis<\/strong>, donde la <strong>confianza en las instituciones est\u00e1 gravemente erosionada<\/strong>, este enfoque plantea serias <strong>dudas sobre la transparencia y la voluntad de apertura del CPT<\/strong>.<\/p>\n<h3>\u2753 Lo que espera la poblaci\u00f3n:<\/h3>\n<p>Queda por verse si las preguntas formuladas el viernes <strong>romper\u00e1n con un marco preestablecido<\/strong> y abordar\u00e1n los <strong>verdaderos problemas<\/strong>:<\/p>\n<ul>\n<li><strong>La inseguridad galopante<\/strong><\/li>\n<li><strong>El bloqueo pol\u00edtico<\/strong><\/li>\n<li><strong>La transici\u00f3n electoral<\/strong><\/li>\n<li><strong>El futuro del pa\u00eds<\/strong><\/li>\n<\/ul>\n","protected":false},"excerpt":{"rendered":"<p>El presidente del Consejo Presidencial de Transici\u00f3n (CPT), Fritz Alphonse Jean, se dirigir\u00e1 oficialmente a la prensa el viernes 20 de junio de 2025 a las 11 de la ma\u00f1ana en la Villa d\u2019Accueil. Este discurso, muy esperado en un contexto de bloqueo institucional e incertidumbre generalizada, ya est\u00e1 generando fuertes cr\u00edticas por su formato: [&hellip;]<\/p>\n","protected":false},"author":59,"featured_media":24881,"comment_status":"open","ping_status":"open","sticky":false,"template":"","format":"standard","meta":{"footnotes":""},"categories":[2141],"tags":[2290],"class_list":{"0":"post-24880","1":"post","2":"type-post","3":"status-publish","4":"format-standard","5":"has-post-thumbnail","7":"category-politica","8":"tag-fritz-alphonse-jean-es"},"_links":{"self":[{"href":"https:\/\/hebdo24.com\/es\/wp-json\/wp\/v2\/posts\/24880","targetHints":{"allow":["GET"]}}],"collection":[{"href":"https:\/\/hebdo24.com\/es\/wp-json\/wp\/v2\/posts"}],"about":[{"href":"https:\/\/hebdo24.com\/es\/wp-json\/wp\/v2\/types\/post"}],"author":[{"embeddable":true,"href":"https:\/\/hebdo24.com\/es\/wp-json\/wp\/v2\/users\/59"}],"replies":[{"embeddable":true,"href":"https:\/\/hebdo24.com\/es\/wp-json\/wp\/v2\/comments?post=24880"}],"version-history":[{"count":2,"href":"https:\/\/hebdo24.com\/es\/wp-json\/wp\/v2\/posts\/24880\/revisions"}],"predecessor-version":[{"id":24902,"href":"https:\/\/hebdo24.com\/es\/wp-json\/wp\/v2\/posts\/24880\/revisions\/24902"}],"wp:featuredmedia":[{"embeddable":true,"href":"https:\/\/hebdo24.com\/es\/wp-json\/wp\/v2\/media\/24881"}],"wp:attachment":[{"href":"https:\/\/hebdo24.com\/es\/wp-json\/wp\/v2\/media?parent=24880"}],"wp:term":[{"taxonomy":"category","embeddable":true,"href":"https:\/\/hebdo24.com\/es\/wp-json\/wp\/v2\/categories?post=24880"},{"taxonomy":"post_tag","embeddable":true,"href":"https:\/\/hebdo24.com\/es\/wp-json\/wp\/v2\/tags?post=24880"}],"curies":[{"name":"wp","href":"https:\/\/api.w.org\/{rel}","templated":true}]}}