{"id":24831,"date":"2025-06-16T19:46:36","date_gmt":"2025-06-16T23:46:36","guid":{"rendered":"https:\/\/hebdo24.com\/?p=24831"},"modified":"2025-06-16T22:37:17","modified_gmt":"2025-06-17T02:37:17","slug":"justicia-haiti-caso-jovenel-moise","status":"publish","type":"post","link":"https:\/\/hebdo24.com\/es\/justicia-haiti-caso-jovenel-moise\/","title":{"rendered":"Caso Jovenel Mo\u00efse: La justicia haitiana convoca a Martine Mo\u00efse, Claude Joseph y a ex altos funcionarios"},"content":{"rendered":"<p>Mientras la audiencia de los 17 exmilitares colombianos implicados en el asesinato del presidente Jovenel Mo\u00efse concluy\u00f3 este lunes 16 de junio de 2025 ante la Corte de Apelaci\u00f3n de Puerto Pr\u00edncipe, la justicia haitiana se prepara para dar un nuevo paso delicado. El juez Emmanuel Lacroix, quien preside el caso, anunci\u00f3 la citaci\u00f3n de varias figuras pol\u00edticas y de seguridad clave en el marco de la investigaci\u00f3n.<\/p>\n<p>Entre los convocados se encuentran la ex primera dama Martine Mo\u00efse, quien result\u00f3 herida durante el ataque mortal del 7 de julio de 2021, as\u00ed como el ex primer ministro Claude Joseph, Jeantel Joseph, Ardouin Z\u00e9phirin, L\u00e9on Charles, Renald Luberice y Dimitri H\u00e9rard, exjefe de la Unidad de Seguridad General del Palacio Nacional (USGPN).<\/p>\n","protected":false},"excerpt":{"rendered":"<p>Mientras la audiencia de los 17 exmilitares colombianos implicados en el asesinato del presidente Jovenel Mo\u00efse concluy\u00f3 este lunes 16 de junio de 2025 ante la Corte de Apelaci\u00f3n de Puerto Pr\u00edncipe, la justicia haitiana se prepara para dar un nuevo paso delicado. El juez Emmanuel Lacroix, quien preside el caso, anunci\u00f3 la citaci\u00f3n de [&hellip;]<\/p>\n","protected":false},"author":50,"featured_media":24833,"comment_status":"open","ping_status":"open","sticky":false,"template":"","format":"standard","meta":{"footnotes":""},"categories":[2132],"tags":[2294,2441,2439,2366],"class_list":{"0":"post-24831","1":"post","2":"type-post","3":"status-publish","4":"format-standard","5":"has-post-thumbnail","7":"category-justicia","8":"tag-caso-jovenel-moise","9":"tag-claude-joseph-es","10":"tag-jovenel-moise-es","11":"tag-martine-moise-es"},"_links":{"self":[{"href":"https:\/\/hebdo24.com\/es\/wp-json\/wp\/v2\/posts\/24831","targetHints":{"allow":["GET"]}}],"collection":[{"href":"https:\/\/hebdo24.com\/es\/wp-json\/wp\/v2\/posts"}],"about":[{"href":"https:\/\/hebdo24.com\/es\/wp-json\/wp\/v2\/types\/post"}],"author":[{"embeddable":true,"href":"https:\/\/hebdo24.com\/es\/wp-json\/wp\/v2\/users\/50"}],"replies":[{"embeddable":true,"href":"https:\/\/hebdo24.com\/es\/wp-json\/wp\/v2\/comments?post=24831"}],"version-history":[{"count":1,"href":"https:\/\/hebdo24.com\/es\/wp-json\/wp\/v2\/posts\/24831\/revisions"}],"predecessor-version":[{"id":24832,"href":"https:\/\/hebdo24.com\/es\/wp-json\/wp\/v2\/posts\/24831\/revisions\/24832"}],"wp:featuredmedia":[{"embeddable":true,"href":"https:\/\/hebdo24.com\/es\/wp-json\/wp\/v2\/media\/24833"}],"wp:attachment":[{"href":"https:\/\/hebdo24.com\/es\/wp-json\/wp\/v2\/media?parent=24831"}],"wp:term":[{"taxonomy":"category","embeddable":true,"href":"https:\/\/hebdo24.com\/es\/wp-json\/wp\/v2\/categories?post=24831"},{"taxonomy":"post_tag","embeddable":true,"href":"https:\/\/hebdo24.com\/es\/wp-json\/wp\/v2\/tags?post=24831"}],"curies":[{"name":"wp","href":"https:\/\/api.w.org\/{rel}","templated":true}]}}