{"id":24626,"date":"2025-06-03T18:22:46","date_gmt":"2025-06-03T22:22:46","guid":{"rendered":"https:\/\/hebdo24.com\/?p=24626"},"modified":"2025-06-03T20:01:51","modified_gmt":"2025-06-04T00:01:51","slug":"kemi-seba-culpa-eeuu-crisis-haiti","status":"publish","type":"post","link":"https:\/\/hebdo24.com\/es\/kemi-seba-culpa-eeuu-crisis-haiti\/","title":{"rendered":"Contundente, K\u00e9mi S\u00e9ba culpa a Estados Unidos como el \u201cprincipal responsable\u201d de la crisis de seguridad en Hait\u00ed"},"content":{"rendered":"<p>El activista panafricanista benin\u00e9s K\u00e9mi S\u00e9ba, de visita en Hait\u00ed desde el 28 de mayo, hizo un llamado a los l\u00edderes de las bandas haitianas para que cesen la violencia contra la poblaci\u00f3n y se vuelvan contra quienes los armaron.<\/p>\n<p>Durante su estad\u00eda, adem\u00e1s de ofrecer conferencias p\u00fablicas en la ciudad de Cap-Ha\u00eftien, el pol\u00edtico revel\u00f3 que sostuvo conversaciones con jefes de bandas, quienes, seg\u00fan \u00e9l, han tomado conciencia de haber sido utilizados para fines que los superan. \u201cEn mis intercambios con miembros de grupos armados, les ped\u00ed claramente que dejaran de disparar contra el pueblo. Les dije que el enemigo no es el pueblo, sino quienes los armaron: la oligarqu\u00eda neoliberal que quiere ahogar y aplastar a Hait\u00ed\u201d, se\u00f1al\u00f3 S\u00e9ba. No obstante, reconoci\u00f3 que algunos miembros de bandas no comparten su enfoque.<\/p>\n<p>Muy cr\u00edtico con la \u00e9lite pol\u00edtico-econ\u00f3mica haitiana, S\u00e9ba \u2014 quien fue despojado de su nacionalidad francesa en 2024 \u2014 considera que esta \u00e9lite es responsable del caos actual. \u201cEl problema es que esta \u00e9lite recibe \u00f3rdenes de Washington, Par\u00eds y Montreal. Por eso Hait\u00ed no es un pa\u00eds soberano\u201d, acus\u00f3.<\/p>\n<p>Seg\u00fan \u00e9l, una alianza tripartita entre la oligarqu\u00eda occidental, la haitiana y la keniana permiti\u00f3 el env\u00edo a Hait\u00ed de una fuerza multinacional dirigida por oficiales kenianos. Para S\u00e9ba, el proletariado keniano no tiene la culpa si \u201calgunos hermanos negros se ponen al servicio de colonos blancos contra otros hermanos negros\u201d.<\/p>\n<p>Finalmente, afirma que la posici\u00f3n geogr\u00e1fica de Hait\u00ed representa un problema estrat\u00e9gico para la oligarqu\u00eda occidental, especialmente para Estados Unidos, que teme una revoluci\u00f3n haitiana m\u00e1s poderosa que la de Cuba.<\/p>\n","protected":false},"excerpt":{"rendered":"<p>El activista panafricanista benin\u00e9s K\u00e9mi S\u00e9ba, de visita en Hait\u00ed desde el 28 de mayo, hizo un llamado a los l\u00edderes de las bandas haitianas para que cesen la violencia contra la poblaci\u00f3n y se vuelvan contra quienes los armaron. Durante su estad\u00eda, adem\u00e1s de ofrecer conferencias p\u00fablicas en la ciudad de Cap-Ha\u00eftien, el pol\u00edtico [&hellip;]<\/p>\n","protected":false},"author":50,"featured_media":24627,"comment_status":"open","ping_status":"open","sticky":false,"template":"","format":"standard","meta":{"footnotes":""},"categories":[2287],"tags":[2785,2142,2586],"class_list":{"0":"post-24626","1":"post","2":"type-post","3":"status-publish","4":"format-standard","5":"has-post-thumbnail","7":"category-empresa","8":"tag-bandas-armadas","9":"tag-haiti-es","10":"tag-kemi-seba-es"},"_links":{"self":[{"href":"https:\/\/hebdo24.com\/es\/wp-json\/wp\/v2\/posts\/24626","targetHints":{"allow":["GET"]}}],"collection":[{"href":"https:\/\/hebdo24.com\/es\/wp-json\/wp\/v2\/posts"}],"about":[{"href":"https:\/\/hebdo24.com\/es\/wp-json\/wp\/v2\/types\/post"}],"author":[{"embeddable":true,"href":"https:\/\/hebdo24.com\/es\/wp-json\/wp\/v2\/users\/50"}],"replies":[{"embeddable":true,"href":"https:\/\/hebdo24.com\/es\/wp-json\/wp\/v2\/comments?post=24626"}],"version-history":[{"count":1,"href":"https:\/\/hebdo24.com\/es\/wp-json\/wp\/v2\/posts\/24626\/revisions"}],"predecessor-version":[{"id":24628,"href":"https:\/\/hebdo24.com\/es\/wp-json\/wp\/v2\/posts\/24626\/revisions\/24628"}],"wp:featuredmedia":[{"embeddable":true,"href":"https:\/\/hebdo24.com\/es\/wp-json\/wp\/v2\/media\/24627"}],"wp:attachment":[{"href":"https:\/\/hebdo24.com\/es\/wp-json\/wp\/v2\/media?parent=24626"}],"wp:term":[{"taxonomy":"category","embeddable":true,"href":"https:\/\/hebdo24.com\/es\/wp-json\/wp\/v2\/categories?post=24626"},{"taxonomy":"post_tag","embeddable":true,"href":"https:\/\/hebdo24.com\/es\/wp-json\/wp\/v2\/tags?post=24626"}],"curies":[{"name":"wp","href":"https:\/\/api.w.org\/{rel}","templated":true}]}}