{"id":24575,"date":"2025-06-02T12:14:51","date_gmt":"2025-06-02T16:14:51","guid":{"rendered":"https:\/\/hebdo24.com\/?p=24575"},"modified":"2025-06-02T12:14:51","modified_gmt":"2025-06-02T16:14:51","slug":"golpe-fatal-para-los-beneficiarios-del-programa-biden-la-corte-suprema-autoriza-a-trump-a-expulsarlos-de-ee-uu","status":"publish","type":"post","link":"https:\/\/hebdo24.com\/es\/golpe-fatal-para-los-beneficiarios-del-programa-biden-la-corte-suprema-autoriza-a-trump-a-expulsarlos-de-ee-uu\/","title":{"rendered":"Golpe fatal para los beneficiarios del \u201cPrograma Biden\u201d: la Corte Suprema autoriza a Trump a expulsarlos de EE.UU."},"content":{"rendered":"<p>El viernes, la Corte Suprema de Estados Unidos autoriz\u00f3 al presidente Donald Trump a revocar temporalmente el estatus legal de m\u00e1s de 500,000 inmigrantes, seg\u00fan documentos judiciales.<\/p>\n<p>La administraci\u00f3n Trump hab\u00eda puesto fin en marzo a un programa especial instaurado por el expresidente Joe Biden, que permit\u00eda a ciudadanos de Venezuela, Cuba, Nicaragua y Hait\u00ed residir legalmente en EE.UU. por dos a\u00f1os debido a crisis de derechos humanos en sus pa\u00edses.<\/p>\n<p>No obstante, una jueza federal en Boston suspendi\u00f3 la medida el 14 de abril, se\u00f1alando que el gobierno interpret\u00f3 mal la ley al aplicar procedimientos de deportaci\u00f3n acelerada a personas amparadas por programas oficiales.<\/p>\n<p>La Corte Suprema, de mayor\u00eda conservadora, emiti\u00f3 una decisi\u00f3n temporal mientras una corte de apelaciones revisa el fondo del caso. Las juezas progresistas Ketanji Brown Jackson y Sonia Sotomayor disintieron, advirtiendo sobre las \u201cconsecuencias devastadoras\u201d para medio mill\u00f3n de personas mientras sus casos legales a\u00fan est\u00e1n pendientes.<\/p>\n<p>El 19 de mayo, la Corte tambi\u00e9n permiti\u00f3 eliminar el Estatus de Protecci\u00f3n Temporal (TPS) que proteg\u00eda a unos 350,000 venezolanos de la deportaci\u00f3n.<\/p>\n<p>Donald Trump ha hecho de la lucha contra la inmigraci\u00f3n irregular una de sus prioridades principales, hablando de una \u201cinvasi\u00f3n\u201d de criminales extranjeros y promoviendo una agenda de deportaciones masivas, aunque ha sido frenado por decisiones judiciales.<\/p>\n","protected":false},"excerpt":{"rendered":"<p>El viernes, la Corte Suprema de Estados Unidos autoriz\u00f3 al presidente Donald Trump a revocar temporalmente el estatus legal de m\u00e1s de 500,000 inmigrantes, seg\u00fan documentos judiciales. La administraci\u00f3n Trump hab\u00eda puesto fin en marzo a un programa especial instaurado por el expresidente Joe Biden, que permit\u00eda a ciudadanos de Venezuela, Cuba, Nicaragua y Hait\u00ed [&hellip;]<\/p>\n","protected":false},"author":51,"featured_media":24576,"comment_status":"open","ping_status":"open","sticky":false,"template":"","format":"standard","meta":{"footnotes":""},"categories":[2185],"tags":[2566,2226,2569,2567,2568,2570],"class_list":{"0":"post-24575","1":"post","2":"type-post","3":"status-publish","4":"format-standard","5":"has-post-thumbnail","7":"category-migracion","8":"tag-corte-suprema","9":"tag-deportacion","10":"tag-donald-trump-es","11":"tag-inmigracion","12":"tag-programa-biden","13":"tag-tps-es"},"_links":{"self":[{"href":"https:\/\/hebdo24.com\/es\/wp-json\/wp\/v2\/posts\/24575","targetHints":{"allow":["GET"]}}],"collection":[{"href":"https:\/\/hebdo24.com\/es\/wp-json\/wp\/v2\/posts"}],"about":[{"href":"https:\/\/hebdo24.com\/es\/wp-json\/wp\/v2\/types\/post"}],"author":[{"embeddable":true,"href":"https:\/\/hebdo24.com\/es\/wp-json\/wp\/v2\/users\/51"}],"replies":[{"embeddable":true,"href":"https:\/\/hebdo24.com\/es\/wp-json\/wp\/v2\/comments?post=24575"}],"version-history":[{"count":1,"href":"https:\/\/hebdo24.com\/es\/wp-json\/wp\/v2\/posts\/24575\/revisions"}],"predecessor-version":[{"id":24577,"href":"https:\/\/hebdo24.com\/es\/wp-json\/wp\/v2\/posts\/24575\/revisions\/24577"}],"wp:featuredmedia":[{"embeddable":true,"href":"https:\/\/hebdo24.com\/es\/wp-json\/wp\/v2\/media\/24576"}],"wp:attachment":[{"href":"https:\/\/hebdo24.com\/es\/wp-json\/wp\/v2\/media?parent=24575"}],"wp:term":[{"taxonomy":"category","embeddable":true,"href":"https:\/\/hebdo24.com\/es\/wp-json\/wp\/v2\/categories?post=24575"},{"taxonomy":"post_tag","embeddable":true,"href":"https:\/\/hebdo24.com\/es\/wp-json\/wp\/v2\/tags?post=24575"}],"curies":[{"name":"wp","href":"https:\/\/api.w.org\/{rel}","templated":true}]}}