{"id":24151,"date":"2025-05-13T20:47:55","date_gmt":"2025-05-14T00:47:55","guid":{"rendered":"https:\/\/hebdo24.com\/?p=24151"},"modified":"2025-05-13T20:47:55","modified_gmt":"2025-05-14T00:47:55","slug":"dia-bandera-2025-cap-haitien-fritz-jean-controversia","status":"publish","type":"post","link":"https:\/\/hebdo24.com\/es\/dia-bandera-2025-cap-haitien-fritz-jean-controversia\/","title":{"rendered":"Celebraci\u00f3n del Bicolor en Cap-Haitien: Fritz Jean Atrapado por su Pasado Demag\u00f3gico"},"content":{"rendered":"<p>Para la 222\u00aa celebraci\u00f3n del D\u00eda de la Bandera, el gobierno ha asignado un presupuesto que oscila entre 300 y 400 millones de gourdes. El tema de este a\u00f1o es: \u201cUna sola bandera, un solo pueblo, una sola naci\u00f3n.\u201d El gran evento nacional tendr\u00e1 lugar en la ciudad norte\u00f1a de Cap-Haitien. \u00bfLa raz\u00f3n? Los fondos p\u00fablicos han sido malgastados y no se han realizado esfuerzos concretos para restablecer la seguridad en el departamento del Oeste, controlado por bandas armadas. Como resultado, Arcahaie \u2014lugar hist\u00f3rico de nacimiento de la bandera bicolor\u2014 no ser\u00e1 escenario de las festividades. Algunos observadores consideran esto una verg\u00fcenza para el Consejo Presidencial de Transici\u00f3n (CPT), en particular para su coordinador, Fritz Alphonse Jean.<\/p>\n<p>Parad\u00f3jicamente, en 2023, el exgobernador del Banco Central de Hait\u00ed critic\u00f3 duramente al gobierno de Ariel Henry por celebrar el 220\u00ba aniversario de la creaci\u00f3n de la bandera en la segunda ciudad m\u00e1s grande del pa\u00eds. \u201cEn Cap-Haitien, el gobierno de facto iz\u00f3 la bandera de la divisi\u00f3n,\u201d declar\u00f3 Fritz A. Jean en ese momento, denunciando la incompetencia y el fracaso del equipo de Ariel Henry.<\/p>\n<p>Hoy, confrontado a su propio pasado demag\u00f3gico, el se\u00f1or Jean y sus aliados, junto con el gobierno de Alix Didier Fils-Aim\u00e9, organizar\u00e1n nuevamente la 222\u00aa celebraci\u00f3n del D\u00eda de la Bandera en Cap-Haitien. Como pretexto, la ministra de Juventud, Deportes y Acci\u00f3n C\u00edvica declar\u00f3 audazmente que se trata de una elecci\u00f3n estrat\u00e9gica para descentralizar los eventos oficiales de Puerto Pr\u00edncipe. \u201cEl Oeste no es la \u00fanica regi\u00f3n que existe. Hait\u00ed tiene diez departamentos. Es hora de que nuestras grandes celebraciones reflejen esta realidad territorial,\u201d afirm\u00f3 sin pudor.<\/p>\n","protected":false},"excerpt":{"rendered":"<p>Para la 222\u00aa celebraci\u00f3n del D\u00eda de la Bandera, el gobierno ha asignado un presupuesto que oscila entre 300 y 400 millones de gourdes. El tema de este a\u00f1o es: \u201cUna sola bandera, un solo pueblo, una sola naci\u00f3n.\u201d El gran evento nacional tendr\u00e1 lugar en la ciudad norte\u00f1a de Cap-Haitien. \u00bfLa raz\u00f3n? Los fondos [&hellip;]<\/p>\n","protected":false},"author":51,"featured_media":24152,"comment_status":"open","ping_status":"open","sticky":false,"template":"","format":"standard","meta":{"footnotes":""},"categories":[2112,2141],"tags":[2290],"class_list":{"0":"post-24151","1":"post","2":"type-post","3":"status-publish","4":"format-standard","5":"has-post-thumbnail","7":"category-noticias","8":"category-politica","9":"tag-fritz-alphonse-jean-es"},"_links":{"self":[{"href":"https:\/\/hebdo24.com\/es\/wp-json\/wp\/v2\/posts\/24151","targetHints":{"allow":["GET"]}}],"collection":[{"href":"https:\/\/hebdo24.com\/es\/wp-json\/wp\/v2\/posts"}],"about":[{"href":"https:\/\/hebdo24.com\/es\/wp-json\/wp\/v2\/types\/post"}],"author":[{"embeddable":true,"href":"https:\/\/hebdo24.com\/es\/wp-json\/wp\/v2\/users\/51"}],"replies":[{"embeddable":true,"href":"https:\/\/hebdo24.com\/es\/wp-json\/wp\/v2\/comments?post=24151"}],"version-history":[{"count":1,"href":"https:\/\/hebdo24.com\/es\/wp-json\/wp\/v2\/posts\/24151\/revisions"}],"predecessor-version":[{"id":24155,"href":"https:\/\/hebdo24.com\/es\/wp-json\/wp\/v2\/posts\/24151\/revisions\/24155"}],"wp:featuredmedia":[{"embeddable":true,"href":"https:\/\/hebdo24.com\/es\/wp-json\/wp\/v2\/media\/24152"}],"wp:attachment":[{"href":"https:\/\/hebdo24.com\/es\/wp-json\/wp\/v2\/media?parent=24151"}],"wp:term":[{"taxonomy":"category","embeddable":true,"href":"https:\/\/hebdo24.com\/es\/wp-json\/wp\/v2\/categories?post=24151"},{"taxonomy":"post_tag","embeddable":true,"href":"https:\/\/hebdo24.com\/es\/wp-json\/wp\/v2\/tags?post=24151"}],"curies":[{"name":"wp","href":"https:\/\/api.w.org\/{rel}","templated":true}]}}