{"id":23991,"date":"2021-05-01T22:42:17","date_gmt":"2021-05-02T02:42:17","guid":{"rendered":"https:\/\/hebdo24.com\/2021\/05\/01\/sin-categoria\/cuando-kery-james-declara-su-solidaridad-con-la-juventud-haitiana\/"},"modified":"2025-05-11T18:40:54","modified_gmt":"2025-05-11T22:40:54","slug":"cuando-kery-james-declara-su-solidaridad-con-la-juventud-haitiana","status":"publish","type":"post","link":"https:\/\/hebdo24.com\/es\/cuando-kery-james-declara-su-solidaridad-con-la-juventud-haitiana\/","title":{"rendered":"Cuando Kery James declara su solidaridad con la juventud haitiana"},"content":{"rendered":"&#13;\n<p><strong>\u00abEntristecido por las noticias que llegan de Hait\u00ed, he decidido que mi pr\u00f3ximo concierto de ACES ser\u00e1 para la juventud de Hait\u00ed\u00bb, escribi\u00f3 Kery James en su p\u00e1gina oficial de Facebook el mi\u00e9rcoles 17 de marzo de 2021.  <\/strong><br\/><br\/>Es habitual escuchar la voz de este rapero, muy popular en el mundo franc\u00f3fono, en temas que piden justicia para los oprimidos y denuncian a los pol\u00edticos corruptos, como \u00abRacailles\u00bb, publicado en 2016.<br\/><br\/>\u00abDeseo al pueblo haitiano paz, seguridad y justicia alg\u00fan d\u00eda\u00bb, a\u00f1adi\u00f3 el autor de la pel\u00edcula \u00abBanlieusard\u00bb, que retrata la vida de j\u00f3venes negros, hijos de inmigrantes en los suburbios franceses.  <br\/><br\/><strong>\u00bfQu\u00e9 pasa con A.C.E.S?<\/strong><br\/><br\/>Pour Apprendre, Comprendre, Entreprendre et Servir (A.C.E.S) es una asociaci\u00f3n fundada en 2008 por Kerry. A trav\u00e9s de esta organizaci\u00f3n, el rapero \u00abhumanista\u00bb apoya con becas de estudio a los j\u00f3venes que desean continuar sus estudios superiores. <br\/><br\/>Desde 2014, Kery James ofrece conciertos en distintas ciudades y cada vez devuelve parte de sus honorarios a un joven con el objetivo de ayudarle a continuar sus estudios.<br\/><br\/>En Hait\u00ed, los d\u00edas son cada vez m\u00e1s oscuros. Ya nada funciona excepto la ira y la frustraci\u00f3n de un pueblo harto de sus dirigentes. Artistas y raperos de todo el mundo est\u00e1n dirigiendo su atenci\u00f3n a la dif\u00edcil situaci\u00f3n del pa\u00eds. El ashtag #FreeHaiti ha sido adoptado por muchas figuras p\u00fablicas extranjeras, entre ellas el rapero de origen dominicano Cardi-B.   <\/p>&#13;\n","protected":false},"excerpt":{"rendered":"<p>&#13; \u00abEntristecido por las noticias que llegan de Hait\u00ed, he decidido que mi pr\u00f3ximo concierto de ACES ser\u00e1 para la juventud de Hait\u00ed\u00bb, escribi\u00f3 Kery James en su p\u00e1gina oficial de Facebook el mi\u00e9rcoles 17 de marzo de 2021. Es habitual escuchar la voz de este rapero, muy popular en el mundo franc\u00f3fono, en temas [&hellip;]<\/p>\n","protected":false},"author":21,"featured_media":0,"comment_status":"open","ping_status":"open","sticky":false,"template":"","format":"standard","meta":{"footnotes":""},"categories":[2249],"tags":[2142,2487],"class_list":{"0":"post-23991","1":"post","2":"type-post","3":"status-publish","4":"format-standard","6":"category-cultura","7":"tag-haiti-es","8":"tag-kery-james-es"},"_links":{"self":[{"href":"https:\/\/hebdo24.com\/es\/wp-json\/wp\/v2\/posts\/23991","targetHints":{"allow":["GET"]}}],"collection":[{"href":"https:\/\/hebdo24.com\/es\/wp-json\/wp\/v2\/posts"}],"about":[{"href":"https:\/\/hebdo24.com\/es\/wp-json\/wp\/v2\/types\/post"}],"author":[{"embeddable":true,"href":"https:\/\/hebdo24.com\/es\/wp-json\/wp\/v2\/users\/21"}],"replies":[{"embeddable":true,"href":"https:\/\/hebdo24.com\/es\/wp-json\/wp\/v2\/comments?post=23991"}],"version-history":[{"count":1,"href":"https:\/\/hebdo24.com\/es\/wp-json\/wp\/v2\/posts\/23991\/revisions"}],"predecessor-version":[{"id":23994,"href":"https:\/\/hebdo24.com\/es\/wp-json\/wp\/v2\/posts\/23991\/revisions\/23994"}],"wp:attachment":[{"href":"https:\/\/hebdo24.com\/es\/wp-json\/wp\/v2\/media?parent=23991"}],"wp:term":[{"taxonomy":"category","embeddable":true,"href":"https:\/\/hebdo24.com\/es\/wp-json\/wp\/v2\/categories?post=23991"},{"taxonomy":"post_tag","embeddable":true,"href":"https:\/\/hebdo24.com\/es\/wp-json\/wp\/v2\/tags?post=23991"}],"curies":[{"name":"wp","href":"https:\/\/api.w.org\/{rel}","templated":true}]}}