{"id":23959,"date":"2021-06-02T04:46:32","date_gmt":"2021-06-02T08:46:32","guid":{"rendered":"https:\/\/hebdo24.com\/2021\/06\/02\/sin-categoria\/la-diocesis-de-anse-a-veau-miragoane-acoge-a-siete-7-nuevos-sacerdotes\/"},"modified":"2025-05-11T18:39:45","modified_gmt":"2025-05-11T22:39:45","slug":"la-diocesis-de-anse-a-veau-miragoane-acoge-a-siete-7-nuevos-sacerdotes","status":"publish","type":"post","link":"https:\/\/hebdo24.com\/es\/la-diocesis-de-anse-a-veau-miragoane-acoge-a-siete-7-nuevos-sacerdotes\/","title":{"rendered":"La di\u00f3cesis de Anse-\u00e0-Veau \/ Miragoane acoge a siete (7) nuevos sacerdotes"},"content":{"rendered":"&#13;\n<p><strong>La catedral de Saint-Anne, en Anse-\u00e0-Veau, fue el escenario de una solemne ceremonia el mi\u00e9rcoles 26 de mayo de 2021. Siete (7) di\u00e1conos transitorios fueron ordenados sacerdotes. Se les confiri\u00f3 el sacramento del Orden mediante la imposici\u00f3n de manos de Su Excelencia Mons. Pierre Andr\u00e9 Dumas, obispo titular de la di\u00f3cesis.  <\/strong><\/p>&#13;\n&#13;\n<p>Este acto lit\u00fargico, que confiere el sacramento del sacerdocio cristiano, conocido como sacramento del Orden, es un acontecimiento que la Iglesia cat\u00f3lica se toma muy en serio. A la ordenaci\u00f3n presbiteral de estos 7 nuevos sacerdotes asistieron miles de fieles cat\u00f3licos de la di\u00f3cesis, familiares cercanos de los sacerdotes ordenantes, religiosos de diversas congregaciones, autoridades pol\u00edticas y peregrinos de todo el mundo que vinieron a alabar el nombre de Dios.<br\/>La di\u00f3cesis celebra un doble acontecimiento, ya que esta fecha marca tambi\u00e9n el 30 aniversario de la ordenaci\u00f3n presbiteral de Monse\u00f1or Dumas por el Papa Juan Pablo II en la Bas\u00edlica de San Pedro de Roma en 1991. <\/p>&#13;\n&#13;\n<p>La lista de sacerdotes de la di\u00f3cesis acaba de ampliarse, y los 7 proceden de la promoci\u00f3n Saint-Marie Vianney del Seminario Notre Dame D&#8217;Ha\u00efti.<\/p>&#13;\n&#13;\n<p>Tras varios a\u00f1os de estudio, sobre todo en teolog\u00eda y filosof\u00eda, el suspense era bastante largo para los sacerdotes ordenandos, pero la Iglesia no pod\u00eda ignorar los rituales religiosos impuestos por el derecho can\u00f3nico. El obispo de la di\u00f3cesis, acompa\u00f1ado por unos sesenta sacerdotes, estaba visiblemente emocionado por proceder a la ordenaci\u00f3n de estos nuevos sacerdotes. Inmediatamente fueron destinados a diversas parroquias como vicarios. Las cartas de nombramiento de los nuevos sacerdotes fueron le\u00eddas por el canciller diocesano, el reverendo padre Julien Almonacy.    <\/p>&#13;\n&#13;\n<p>El Rvdo. P\u00e8re Guilner DUBR\u00c9SIL, que estaba en periodo de prueba en la parroquia de Notre Dame Perp\u00e9tuelle secours de Chalon, ha sido nombrado vicario de la parroquia de Saint Joseph de L&#8217;Asile, mientras que el Rvdo. P\u00e8re Pierre JEAN, antiguo di\u00e1cono en periodo de prueba en L&#8217;Asile, ha sido nombrado vicario de St Joseph de Pemelle.<br\/>En cuanto al P\u00e8re Mo\u00efse CARELUS, ha sido destinado a la parroquia de Saint Pierre de Barad\u00e8res. El Padre Laurens St\u00e9nio RAYMOND, anteriormente interno en la parroquia de Notre Dame de la Guadaloupp\u00e9e en Paillant, fue nombrado coadjutor en la parroquia de Saint Antoine de Petite Rivi\u00e8re en Nippes el d\u00eda de su ordenaci\u00f3n.   <\/p>&#13;\n&#13;\n<p>El padre Garry VOLCY, que estaba haciendo sus pr\u00e1cticas de di\u00e1cono en la parroquia de San Beno\u00eet de Dessources, ha sido nombrado coadjutor en la misma parroquia. El padre Dieunixson MERVILIER,<br\/>, que estaba haciendo las pr\u00e1cticas en la parroquia de Notre Dame de la Nativit\u00e9 de Petit Trou, ha sido nombrado vicario en Paillant y, por \u00faltimo, el nuevo padre Gefthey JEAN, antiguo di\u00e1cono en pr\u00e1cticas en la catedral de Sainte Anne de l&#8217;Anse-\u00e0-Veau, ha sido nombrado vicario en la catedral de Sainte Anne.<br\/>La di\u00f3cesis de l&#8217;Anse-\u00e0-Veau, creada el 13 de julio de 2008, cuenta actualmente con 71 sacerdotes para 39 parroquias, seg\u00fan el obispo. <\/p>&#13;\n&#13;\n<p>Al final de la ceremonia, los miembros del Comit\u00e9 del Tricentenario de Anse-a-Veau, encargado de organizar el 309 aniversario de la ciudad, entregaron una placa de honor a Monseigneur Dumas por sus 30 a\u00f1os como sacerdote.<\/p>&#13;\n&#13;\n<p class=\"has-text-align-left\"><strong>Richarson Bigot<\/strong><\/p>&#13;\n","protected":false},"excerpt":{"rendered":"<p>&#13; La catedral de Saint-Anne, en Anse-\u00e0-Veau, fue el escenario de una solemne ceremonia el mi\u00e9rcoles 26 de mayo de 2021. Siete (7) di\u00e1conos transitorios fueron ordenados sacerdotes. Se les confiri\u00f3 el sacramento del Orden mediante la imposici\u00f3n de manos de Su Excelencia Mons. Pierre Andr\u00e9 Dumas, obispo titular de la di\u00f3cesis. &#13; &#13; Este [&hellip;]<\/p>\n","protected":false},"author":19,"featured_media":0,"comment_status":"open","ping_status":"open","sticky":false,"template":"","format":"standard","meta":{"footnotes":""},"categories":[2218],"tags":[2142,2481],"class_list":{"0":"post-23959","1":"post","2":"type-post","3":"status-publish","4":"format-standard","6":"category-religion","7":"tag-haiti-es","8":"tag-religion-es"},"_links":{"self":[{"href":"https:\/\/hebdo24.com\/es\/wp-json\/wp\/v2\/posts\/23959","targetHints":{"allow":["GET"]}}],"collection":[{"href":"https:\/\/hebdo24.com\/es\/wp-json\/wp\/v2\/posts"}],"about":[{"href":"https:\/\/hebdo24.com\/es\/wp-json\/wp\/v2\/types\/post"}],"author":[{"embeddable":true,"href":"https:\/\/hebdo24.com\/es\/wp-json\/wp\/v2\/users\/19"}],"replies":[{"embeddable":true,"href":"https:\/\/hebdo24.com\/es\/wp-json\/wp\/v2\/comments?post=23959"}],"version-history":[{"count":1,"href":"https:\/\/hebdo24.com\/es\/wp-json\/wp\/v2\/posts\/23959\/revisions"}],"predecessor-version":[{"id":23961,"href":"https:\/\/hebdo24.com\/es\/wp-json\/wp\/v2\/posts\/23959\/revisions\/23961"}],"wp:attachment":[{"href":"https:\/\/hebdo24.com\/es\/wp-json\/wp\/v2\/media?parent=23959"}],"wp:term":[{"taxonomy":"category","embeddable":true,"href":"https:\/\/hebdo24.com\/es\/wp-json\/wp\/v2\/categories?post=23959"},{"taxonomy":"post_tag","embeddable":true,"href":"https:\/\/hebdo24.com\/es\/wp-json\/wp\/v2\/tags?post=23959"}],"curies":[{"name":"wp","href":"https:\/\/api.w.org\/{rel}","templated":true}]}}