{"id":23895,"date":"2021-06-27T21:53:24","date_gmt":"2021-06-28T01:53:24","guid":{"rendered":"https:\/\/hebdo24.com\/2021\/06\/27\/sin-categoria\/blondedy-ferdinand-en-el-camino-hacia-un-nuevo-comienzo\/"},"modified":"2025-05-11T18:37:38","modified_gmt":"2025-05-11T22:37:38","slug":"blondedy-ferdinand-en-el-camino-hacia-un-nuevo-comienzo","status":"publish","type":"post","link":"https:\/\/hebdo24.com\/es\/blondedy-ferdinand-en-el-camino-hacia-un-nuevo-comienzo\/","title":{"rendered":"Blondedy Ferdinand en el camino hacia un nuevo comienzo"},"content":{"rendered":"&#13;\n<h5>Aujourd\u2019hui, Blondedy Ferdinand est devenue le sujet d\u2019actualit\u00e9 dans presque tous les m\u00e9dias, que ce soit en ligne ou traditionnel. En bien ou mal, elle poursuit sa route en se fixant de nouvelles perspectives. Elle veut franchir d\u2019autres \u00e9tapes dans sa carri\u00e8re musicale.<\/h5>&#13;\n<p>Recientemente, la actriz del cortometraje \u00abTe quiero Ana\u00bb anunci\u00f3 el lanzamiento de su \u00e1lbum de debut titulado<\/p>&#13;\n&#13;\n<p>\u00abNuevos comienzos\u00bb. Un \u00e1lbum que refleja una nueva vida en el amor y en su carrera en general.   <\/p>&#13;\n&#13;\n<p>Actriz y empresaria, Blondedy est\u00e1 llena de ambiciones. Estaba desesperada por emprender otra carrera. Sorprendentemente, el productor J-Beatz la puso en el candelero con el tema \u00abRenmen m&#8217; renmen&#8217;w\u00bb.  <\/p>&#13;\n<p>Fue un comienzo dif\u00edcil, porque su voz no estaba a la altura. Pero sigue creyendo en sus sue\u00f1os. Como dice el viejo refr\u00e1n, \u00abDe l&#8217;audace toujours de l&#8217;audace encore de l&#8217;audace\u00bb, y Blondedy practica esta cita todos los d\u00edas para asegurarse de que la aceptan en el mundo de la m\u00fasica haitiana.  <\/p>&#13;\n&#13;\n<p>Ha sido objeto de cr\u00edticas por parte de muchos sectores. Los comentarios desalentadores, por un lado, y los consejos bien recibidos, por otro, han contribuido a impulsarla a\u00fan m\u00e1s en el mundo de la m\u00fasica. <\/p>&#13;\n<p>No es una gran cantante, no tiene la voz de un \u00e1ngel, y nunca pierde la oportunidad de recordar a su p\u00fablico que est\u00e1 trabajando duro para mejorar su voz.<\/p>&#13;\n<p>Sin embargo, Blondedy consigue atraer al p\u00fablico y quiere ganarse el coraz\u00f3n de los amantes de la m\u00fasica a pesar de estos defectos. Su \u00faltima interpretaci\u00f3n de \u00abPou ou\u00bb, un tema bien recibido por sus fans. <\/p>&#13;\n&#13;\n<p>En junio, anunci\u00f3 su nuevo beb\u00e9, Nouveau D\u00e9part, cuya fecha de lanzamiento a\u00fan no se ha anunciado. El amor, la vida y la esperanza son algunos de los temas tratados en esta obra. <\/p>&#13;\n&#13;\n<p>Se describ\u00eda a s\u00ed misma con tres palabras: fuerte, valiente y decidida.<\/p>&#13;\n&#13;\n<p>\u00abEste \u00e1lbum significa mucho para m\u00ed. Significa que empiezo una nueva vida, en los negocios, en las relaciones y en mi carrera musical. Hoy, todo tiene un nuevo comienzo para m\u00ed\u00bb, declar\u00f3.<\/p>&#13;\n&#13;\n<p>\u00ab\u00c9ste es mi nuevo \u00e1lbum. He tenido la suerte de trabajar con gente que me gusta. Estoy muy orgulloso y feliz. Todos los amantes y fans de la m\u00fasica se encontrar\u00e1n a s\u00ed mismos en este \u00e1lbum\u00bb, dice Blondedy en una entrevista a Hebdo24.<\/p>&#13;\n&#13;\n<p>\u00bfPor qu\u00e9 siempre vinculas cada proyecto a un zumbido?<\/p>&#13;\n&#13;\n<p>\u00abNunca relaciono la m\u00fasica con el zumbido. Pero es el zumbido lo que me sigue. Todo lo que toco se convierte en zumbido. As\u00ed que dejo que fluya la corriente y no me importa.   <\/p>&#13;\n&#13;\n<p>Y a pesar de todo, Blondedy quiere cantar para satisfacer a todos los estratos de la sociedad haitiana, y \u00bfpor qu\u00e9 no en el extranjero? Muchos otros artistas participar\u00e1n en este nuevo proyecto, entre ellos D-Perfect. <\/p>&#13;\n","protected":false},"excerpt":{"rendered":"<p>&#13; Aujourd\u2019hui, Blondedy Ferdinand est devenue le sujet d\u2019actualit\u00e9 dans presque tous les m\u00e9dias, que ce soit en ligne ou traditionnel. En bien ou mal, elle poursuit sa route en se fixant de nouvelles perspectives. Elle veut franchir d\u2019autres \u00e9tapes dans sa carri\u00e8re musicale. &#13; Recientemente, la actriz del cortometraje \u00abTe quiero Ana\u00bb anunci\u00f3 el [&hellip;]<\/p>\n","protected":false},"author":18,"featured_media":0,"comment_status":"open","ping_status":"open","sticky":false,"template":"","format":"standard","meta":{"footnotes":""},"categories":[2249,2250],"tags":[2455,2456],"class_list":{"0":"post-23895","1":"post","2":"type-post","3":"status-publish","4":"format-standard","6":"category-cultura","7":"category-musica","8":"tag-blondedy-ferdinand-es","9":"tag-un-nuevo-comienzo"},"_links":{"self":[{"href":"https:\/\/hebdo24.com\/es\/wp-json\/wp\/v2\/posts\/23895","targetHints":{"allow":["GET"]}}],"collection":[{"href":"https:\/\/hebdo24.com\/es\/wp-json\/wp\/v2\/posts"}],"about":[{"href":"https:\/\/hebdo24.com\/es\/wp-json\/wp\/v2\/types\/post"}],"author":[{"embeddable":true,"href":"https:\/\/hebdo24.com\/es\/wp-json\/wp\/v2\/users\/18"}],"replies":[{"embeddable":true,"href":"https:\/\/hebdo24.com\/es\/wp-json\/wp\/v2\/comments?post=23895"}],"version-history":[{"count":1,"href":"https:\/\/hebdo24.com\/es\/wp-json\/wp\/v2\/posts\/23895\/revisions"}],"predecessor-version":[{"id":23897,"href":"https:\/\/hebdo24.com\/es\/wp-json\/wp\/v2\/posts\/23895\/revisions\/23897"}],"wp:attachment":[{"href":"https:\/\/hebdo24.com\/es\/wp-json\/wp\/v2\/media?parent=23895"}],"wp:term":[{"taxonomy":"category","embeddable":true,"href":"https:\/\/hebdo24.com\/es\/wp-json\/wp\/v2\/categories?post=23895"},{"taxonomy":"post_tag","embeddable":true,"href":"https:\/\/hebdo24.com\/es\/wp-json\/wp\/v2\/tags?post=23895"}],"curies":[{"name":"wp","href":"https:\/\/api.w.org\/{rel}","templated":true}]}}