{"id":23886,"date":"2021-07-09T06:51:21","date_gmt":"2021-07-09T10:51:21","guid":{"rendered":"https:\/\/hebdo24.com\/2021\/07\/09\/sin-categoria\/claude-joseph-pide-la-reanudacion-de-las-actividades-en-todo-el-pais\/"},"modified":"2025-05-11T18:18:07","modified_gmt":"2025-05-11T22:18:07","slug":"claude-joseph-pide-la-reanudacion-de-las-actividades-en-todo-el-pais","status":"publish","type":"post","link":"https:\/\/hebdo24.com\/es\/claude-joseph-pide-la-reanudacion-de-las-actividades-en-todo-el-pais\/","title":{"rendered":"Claude Joseph pide la reanudaci\u00f3n de las actividades en todo el pa\u00eds"},"content":{"rendered":"&#13;\n<p><strong>En una rueda de prensa celebrada el jueves, el Primer Ministro Claude Joseph anunci\u00f3 la reanudaci\u00f3n de la actividad econ\u00f3mica en el pa\u00eds.<\/strong><\/p>&#13;\n&#13;\n<p>\u00abLa poblaci\u00f3n puede dedicarse libremente a sus asuntos como de costumbre\u00bb, ha declarado Claude Joseph, reh\u00e9n del poder desde el asesinato del presidente de facto Jovenel Mo\u00efse. La Oficina del Primer Ministro hace un llamamiento a todos los funcionarios p\u00fablicos de todos los niveles y grados para que vuelvan a sus puestos y sigan sirviendo a la poblaci\u00f3n. <\/p>&#13;\n&#13;\n<p>Mientras la poblaci\u00f3n parece preocupada por su seguridad, el jefe del Gabinete del Primer Ministro quiere tranquilizarla. Insiste en que las fuerzas del orden controlan la situaci\u00f3n, y que hasta ahora est\u00e1n intentando atrapar a todos los \u00abmercenarios\u00bb implicados en la ejecuci\u00f3n del presidente la noche del 7 de julio en su residencia privada de P\u00e8lerin 5. <\/p>&#13;\n&#13;\n<p>Claude Joseph, que goza del pleno apoyo de la comunidad internacional para mantener el poder, nos asegura que el gobierno est\u00e1 haciendo todo lo posible para garantizar el funcionamiento y la continuidad de la funci\u00f3n p\u00fablica.<\/p>&#13;\n","protected":false},"excerpt":{"rendered":"<p>&#13; En una rueda de prensa celebrada el jueves, el Primer Ministro Claude Joseph anunci\u00f3 la reanudaci\u00f3n de la actividad econ\u00f3mica en el pa\u00eds. &#13; &#13; \u00abLa poblaci\u00f3n puede dedicarse libremente a sus asuntos como de costumbre\u00bb, ha declarado Claude Joseph, reh\u00e9n del poder desde el asesinato del presidente de facto Jovenel Mo\u00efse. La Oficina [&hellip;]<\/p>\n","protected":false},"author":54,"featured_media":0,"comment_status":"open","ping_status":"open","sticky":false,"template":"","format":"standard","meta":{"footnotes":""},"categories":[2141],"tags":[2441],"class_list":{"0":"post-23886","1":"post","2":"type-post","3":"status-publish","4":"format-standard","6":"category-politica","7":"tag-claude-joseph-es"},"_links":{"self":[{"href":"https:\/\/hebdo24.com\/es\/wp-json\/wp\/v2\/posts\/23886","targetHints":{"allow":["GET"]}}],"collection":[{"href":"https:\/\/hebdo24.com\/es\/wp-json\/wp\/v2\/posts"}],"about":[{"href":"https:\/\/hebdo24.com\/es\/wp-json\/wp\/v2\/types\/post"}],"author":[{"embeddable":true,"href":"https:\/\/hebdo24.com\/es\/wp-json\/wp\/v2\/users\/54"}],"replies":[{"embeddable":true,"href":"https:\/\/hebdo24.com\/es\/wp-json\/wp\/v2\/comments?post=23886"}],"version-history":[{"count":1,"href":"https:\/\/hebdo24.com\/es\/wp-json\/wp\/v2\/posts\/23886\/revisions"}],"predecessor-version":[{"id":23887,"href":"https:\/\/hebdo24.com\/es\/wp-json\/wp\/v2\/posts\/23886\/revisions\/23887"}],"wp:attachment":[{"href":"https:\/\/hebdo24.com\/es\/wp-json\/wp\/v2\/media?parent=23886"}],"wp:term":[{"taxonomy":"category","embeddable":true,"href":"https:\/\/hebdo24.com\/es\/wp-json\/wp\/v2\/categories?post=23886"},{"taxonomy":"post_tag","embeddable":true,"href":"https:\/\/hebdo24.com\/es\/wp-json\/wp\/v2\/tags?post=23886"}],"curies":[{"name":"wp","href":"https:\/\/api.w.org\/{rel}","templated":true}]}}