{"id":23872,"date":"2021-06-16T08:33:04","date_gmt":"2021-06-16T12:33:04","guid":{"rendered":"https:\/\/hebdo24.com\/2021\/06\/16\/sin-categoria\/jovenel-moise-vuelve-a-nombrar-a-claude-joseph-pero-con-que-fin\/"},"modified":"2021-06-16T08:33:04","modified_gmt":"2021-06-16T12:33:04","slug":"jovenel-moise-vuelve-a-nombrar-a-claude-joseph-pero-con-que-fin","status":"publish","type":"post","link":"https:\/\/hebdo24.com\/es\/jovenel-moise-vuelve-a-nombrar-a-claude-joseph-pero-con-que-fin\/","title":{"rendered":"Jovenel Mo\u00efse vuelve a nombrar a Claude Joseph, pero \u00bfcon qu\u00e9 fin?"},"content":{"rendered":"<p style=\"text-align: left;\"><strong>En un decreto publicado en Le Moniteur el 14 de junio, Claude Joseph fue nombrado de nuevo jefe del Gabinete del Primer Ministro por tiempo indefinido.<\/strong><\/p>\n<p>El actual primer ministro interino se incorpor\u00f3 al gabinete de Joseph Jouthe como ministro de Asuntos Exteriores, tras haber ejercido anteriormente en Argentina como embajador y en Espa\u00f1a como encargado de negocios. Es el 6\u00ba jefe de gobierno de Jovenel Moise, pero \u00bfcu\u00e1l ser\u00e1 el resultado? <\/p>\n<p>Las condiciones de vida de la poblaci\u00f3n se deterioran, mientras este r\u00e9gimen quiere aferrarse al poder a toda costa, en detrimento de los principios democr\u00e1ticos.<\/p>\n<p>Las bandas son cada vez m\u00e1s poderosas. Aterrorizan y descapitalizan a la poblaci\u00f3n. <\/p>\n<p>Jovenel Moise s\u00f3lo tiene un proyecto en mente: cambiar la Constituci\u00f3n haitiana mediante un refer\u00e9ndum. Sin embargo, la Constituci\u00f3n del pa\u00eds lo proh\u00edbe claramente. <\/p>\n<p>El r\u00e9gimen del PHTK est\u00e1 encabezado por la corrupci\u00f3n, las violaciones flagrantes de los principios republicanos, las masacres en barrios obreros y la malversaci\u00f3n de fondos estatales para proyectos que nacen muertos.<\/p>\n<p>Tras dos reelecciones, Claude Joseph es un Primer Ministro sin antecedentes, aparte de un espect\u00e1culo medi\u00e1tico en Carrefour que cost\u00f3 una fortuna al Estado haitiano, tras una semana de violencia entre bandas armadas en el tercer distrito de Puerto Pr\u00edncipe. Su cargo es una silla eyectable, a la espera de un di\u00e1logo y un acuerdo con la oposici\u00f3n, que se mantiene firme en su negativa a colaborar con Jovenel Moise. <\/p>\n<p>\u00bfQu\u00e9 m\u00e1s podemos esperar de un primer ministro de facto, de un presidente cuyo mandato expir\u00f3 el 7 de febrero de 2021, que controla todos los poderes del Estado, y de un r\u00e9gimen que ha hecho del bandidaje un asunto de Estado?<\/p>\n","protected":false},"excerpt":{"rendered":"<p>En un decreto publicado en Le Moniteur el 14 de junio, Claude Joseph fue nombrado de nuevo jefe del Gabinete del Primer Ministro por tiempo indefinido. El actual primer ministro interino se incorpor\u00f3 al gabinete de Joseph Jouthe como ministro de Asuntos Exteriores, tras haber ejercido anteriormente en Argentina como embajador y en Espa\u00f1a como [&hellip;]<\/p>\n","protected":false},"author":19,"featured_media":0,"comment_status":"closed","ping_status":"closed","sticky":false,"template":"","format":"standard","meta":{"footnotes":""},"categories":[2141],"tags":[2441,2142,2439],"class_list":{"0":"post-23872","1":"post","2":"type-post","3":"status-publish","4":"format-standard","6":"category-politica","7":"tag-claude-joseph-es","8":"tag-haiti-es","9":"tag-jovenel-moise-es"},"_links":{"self":[{"href":"https:\/\/hebdo24.com\/es\/wp-json\/wp\/v2\/posts\/23872","targetHints":{"allow":["GET"]}}],"collection":[{"href":"https:\/\/hebdo24.com\/es\/wp-json\/wp\/v2\/posts"}],"about":[{"href":"https:\/\/hebdo24.com\/es\/wp-json\/wp\/v2\/types\/post"}],"author":[{"embeddable":true,"href":"https:\/\/hebdo24.com\/es\/wp-json\/wp\/v2\/users\/19"}],"replies":[{"embeddable":true,"href":"https:\/\/hebdo24.com\/es\/wp-json\/wp\/v2\/comments?post=23872"}],"version-history":[{"count":0,"href":"https:\/\/hebdo24.com\/es\/wp-json\/wp\/v2\/posts\/23872\/revisions"}],"wp:attachment":[{"href":"https:\/\/hebdo24.com\/es\/wp-json\/wp\/v2\/media?parent=23872"}],"wp:term":[{"taxonomy":"category","embeddable":true,"href":"https:\/\/hebdo24.com\/es\/wp-json\/wp\/v2\/categories?post=23872"},{"taxonomy":"post_tag","embeddable":true,"href":"https:\/\/hebdo24.com\/es\/wp-json\/wp\/v2\/tags?post=23872"}],"curies":[{"name":"wp","href":"https:\/\/api.w.org\/{rel}","templated":true}]}}