{"id":23871,"date":"2021-07-23T19:53:21","date_gmt":"2021-07-23T23:53:21","guid":{"rendered":"https:\/\/hebdo24.com\/2021\/07\/23\/sin-categoria\/mi-marido-ha-sido-traicionado-dijo-martine-moise\/"},"modified":"2021-07-23T19:53:21","modified_gmt":"2021-07-23T23:53:21","slug":"mi-marido-ha-sido-traicionado-dijo-martine-moise","status":"publish","type":"post","link":"https:\/\/hebdo24.com\/es\/mi-marido-ha-sido-traicionado-dijo-martine-moise\/","title":{"rendered":"\u00abMi marido ha sido traicionado\u00bb, dijo Martine Mo\u00efse"},"content":{"rendered":"<p class=\"p1\"><strong><span class=\"s1\">El 23 de julio de 2021, el funeral de Estado del ex presidente Jovenel Mo\u00efse se celebr\u00f3 en el norte del pa\u00eds, concretamente en Madeline.  <span class=\"Apple-converted-space\"> <\/span><\/span><\/strong><\/p>\n<p class=\"p1\"><span class=\"s1\">A la ceremonia f\u00fanebre asistieron numerosas personalidades del mundo diplom\u00e1tico, entre ellas la embajadora de Estados Unidos en Hait\u00ed, Mich\u00e8le Sison, el reci\u00e9n investido primer ministro, Dr. Ariel Henry, y personalidades pol\u00edticas como<span class=\"Apple-converted-space\">  <\/span>Jean Charles Mo\u00efse, l\u00edder del partido \u00abPitit Desalin\u00bb y feroz opositor al r\u00e9gimen del PHTK.<span class=\"Apple-converted-space\"> <\/span><\/span><\/p>\n<p class=\"p1\"><span class=\"s1\">En el paneg\u00edrico f\u00fanebre de su marido, a cuyo lado pas\u00f3 25 a\u00f1os, Martine Mo\u00efse afirm\u00f3 sin ambages que el Presidente hab\u00eda sido traicionado.<\/span><\/p>\n<p class=\"p1\"><span class=\"s1\"><span class=\"Apple-converted-space\"> <\/span>Afligida por la marcha de su marido,<span class=\"Apple-converted-space\">  <\/span>Martine promete continuar la lucha encabezada por Jovenel Mo\u00efse, al tiempo que exige justicia para el difunto presidente.<\/span><\/p>\n<p class=\"p1\"><span class=\"s1\"><span class=\"Apple-converted-space\"> <\/span>\u00abSi nou rete bwa kwaze san nou ap kontinye koule. Jodi a se Jovenel, demen se ka li menm, ou menm, nou menm &#8230; Nou ka p\u00e8di yon batay men nou pap p\u00e8di lag\u00e8. Lit la poko fini\u00bb. dijo la viuda del ex presidente Jovenel Mo\u00efse.<span class=\"Apple-converted-space\"> <\/span><\/span><\/p>\n<p class=\"p1\"><span class=\"s1\">Por su parte, el hijo mayor del antiguo jefe de AGITRANS, Joverlin Mo\u00efse, alab\u00f3 las cualidades de su padre.<span class=\"Apple-converted-space\"> <\/span><\/span><\/p>\n<p class=\"p1\"><span class=\"s1\">\u00abMoun ki te gen lanmou, menm sil tap viv nan mitan mechan. Li te sens\u00e8 malgre li tap viv nan mitan tr\u00e8t\u00bb, llor\u00f3.<\/span><\/p>\n<p class=\"p1\"><span class=\"s1\">Aunque la seguridad fue estricta durante todo el funeral, esto no impidi\u00f3 que los activistas expresaran su frustraci\u00f3n. Enfurecidos, exigieron justicia para el hombre asesinado por mercenarios en su casa la noche del 7 de julio. <span class=\"Apple-converted-space\"> <\/span><\/span><\/p>\n<p class=\"p1\"><span class=\"s1\">Pocas horas despu\u00e9s de la ceremonia f\u00fanebre, se registraron escenas de saqueo e incendios provocados en algunas partes de la segunda ciudad m\u00e1s grande del pa\u00eds. Seguidores del difunto presidente prendieron fuego a varios negocios privados. Periodistas  <span class=\"Apple-converted-space\">  <\/span>Los agresores se vieron obligados a disfrazarse con camisetas que rend\u00edan homenaje al ex presidente para salvar el pellejo.<span class=\"Apple-converted-space\"> <\/span><\/span><\/p>\n","protected":false},"excerpt":{"rendered":"<p>El 23 de julio de 2021, el funeral de Estado del ex presidente Jovenel Mo\u00efse se celebr\u00f3 en el norte del pa\u00eds, concretamente en Madeline. A la ceremonia f\u00fanebre asistieron numerosas personalidades del mundo diplom\u00e1tico, entre ellas la embajadora de Estados Unidos en Hait\u00ed, Mich\u00e8le Sison, el reci\u00e9n investido primer ministro, Dr. Ariel Henry, y [&hellip;]<\/p>\n","protected":false},"author":54,"featured_media":0,"comment_status":"closed","ping_status":"closed","sticky":false,"template":"","format":"standard","meta":{"footnotes":""},"categories":[2132],"tags":[2440,2294,2142,2439,2366],"class_list":{"0":"post-23871","1":"post","2":"type-post","3":"status-publish","4":"format-standard","6":"category-justicia","7":"tag-asesinato-de-jovenel-moise","8":"tag-caso-jovenel-moise","9":"tag-haiti-es","10":"tag-jovenel-moise-es","11":"tag-martine-moise-es"},"_links":{"self":[{"href":"https:\/\/hebdo24.com\/es\/wp-json\/wp\/v2\/posts\/23871","targetHints":{"allow":["GET"]}}],"collection":[{"href":"https:\/\/hebdo24.com\/es\/wp-json\/wp\/v2\/posts"}],"about":[{"href":"https:\/\/hebdo24.com\/es\/wp-json\/wp\/v2\/types\/post"}],"author":[{"embeddable":true,"href":"https:\/\/hebdo24.com\/es\/wp-json\/wp\/v2\/users\/54"}],"replies":[{"embeddable":true,"href":"https:\/\/hebdo24.com\/es\/wp-json\/wp\/v2\/comments?post=23871"}],"version-history":[{"count":0,"href":"https:\/\/hebdo24.com\/es\/wp-json\/wp\/v2\/posts\/23871\/revisions"}],"wp:attachment":[{"href":"https:\/\/hebdo24.com\/es\/wp-json\/wp\/v2\/media?parent=23871"}],"wp:term":[{"taxonomy":"category","embeddable":true,"href":"https:\/\/hebdo24.com\/es\/wp-json\/wp\/v2\/categories?post=23871"},{"taxonomy":"post_tag","embeddable":true,"href":"https:\/\/hebdo24.com\/es\/wp-json\/wp\/v2\/tags?post=23871"}],"curies":[{"name":"wp","href":"https:\/\/api.w.org\/{rel}","templated":true}]}}