{"id":23866,"date":"2021-07-26T01:54:00","date_gmt":"2021-07-26T05:54:00","guid":{"rendered":"https:\/\/hebdo24.com\/2021\/07\/26\/sin-categoria\/herman-nau-y-su-inmensa-carrera\/"},"modified":"2021-07-26T01:54:00","modified_gmt":"2021-07-26T05:54:00","slug":"herman-nau-y-su-inmensa-carrera","status":"publish","type":"post","link":"https:\/\/hebdo24.com\/es\/herman-nau-y-su-inmensa-carrera\/","title":{"rendered":"Herman Nau y su inmensa carrera"},"content":{"rendered":"<p class=\"p1\"><strong><span class=\"s1\">Hace quince d\u00edas, Yves Andr\u00e9 dit Fanfan Ti B\u00f2t confirm\u00f3 que Herman Nau hab\u00eda sufrido un derrame cerebral. El legendario bater\u00eda y cofundador de Tabou Combo fue trasladado de urgencia a un hospital de Nueva York, donde lamentablemente falleci\u00f3.   <\/span><span class=\"s1\">Herman falleci\u00f3 el domingo 25 de julio de 2021, seg\u00fan informan los medios de comunicaci\u00f3n antillanos y haitianos.<\/span><\/strong><\/p>\n<p class=\"p1\"><span class=\"s1\">En v\u00edsperas del 66 aniversario de Compas Direct, Herman, que dej\u00f3 su huella en el g\u00e9nero musical m\u00e1s popular de Hait\u00ed, ha fallecido. Con s\u00f3lo 73 a\u00f1os, Herman nos dice adi\u00f3s tras una inmensa carrera.   <\/span><\/p>\n<p class=\"p1\"><strong><span class=\"s1\">Sus inicios en la m\u00fasica<\/span><\/strong><\/p>\n<p class=\"p1\"><span class=\"s1\">Llevaba la m\u00fasica en la sangre desde muy joven. Fue trompetista en el Liceo Nacional de P\u00e9tion-Ville, antiguo Liceo Fran\u00e7ois Duvalier. El famoso saxofonista Fred Dejean tocaba con \u00e9l en el liceo.  <\/span><\/p>\n<p class=\"p1\"><span class=\"s1\">Con su amigo de la infancia, Albert Chancy, fund\u00f3 el grupo \u00abLos Inc\u00f3gnitos\u00bb.<span class=\"Apple-converted-space\">  <\/span>en diciembre de 1966. Al a\u00f1o siguiente, el grupo pas\u00f3 a llamarse \u00abTabou combo\u00bb, a petici\u00f3n del Sr. Douillon, para participar en el concurso de Radio Ha\u00efti. En este concurso, Tabou gan\u00f3 el premio de  <span class=\"Apple-converted-space\">  <\/span>\u00abMejor banda joven\u00bb. Fue el comienzo de una larga y emocionante aventura. <\/span><\/p>\n<p class=\"p1\"><span class=\"s1\">Herman abandon\u00f3 Hait\u00ed por voluntad propia el 18 de agosto de 1970, un d\u00eda despu\u00e9s de la marcha de Albert Chancy. Ayud\u00f3 a los dem\u00e1s m\u00fasicos (Fanfan, Shoubou, Kapi, Jean-Claude&#8230;) a reunirse con \u00e9l en Nueva York para continuar con el proyecto. \u00a1El resto es historia!    <\/span><\/p>\n<p class=\"p1\"><strong><span class=\"s1\">Su vida familiar<\/span><\/strong><\/p>\n<p class=\"p1\"><span class=\"s1\">Herman Nau se cas\u00f3 con Marie Jos\u00e9 Chancy, hermana menor de su amigo Albert y de Adolphe Chancy, antiguo bajista del grupo.<span class=\"Apple-converted-space\">  <\/span>Con Marie Jos\u00e9 ha tenido varios hijos, entre ellos Rudy Nau, ex bater\u00eda de Carimi y actual bater\u00eda de Tabou Combo.<\/span><\/p>\n<p class=\"p1\"><span class=\"s1\">Tras su divorcio de Marie Jos\u00e9, escribi\u00f3 y cant\u00f3<span class=\"Apple-converted-space\">  <\/span>la canci\u00f3n \u00ab\u00c0 moiti\u00e9\u00bb. Esta canci\u00f3n se grab\u00f3 en el \u00e1lbum \u00abZap Zap\u00bb, publicado en 1991. Su relaci\u00f3n con sus hijos era muy \u00edntima, a pesar de haberse divorciado de su madre. Antes de su muerte, Herman viv\u00eda en Guadalupe con otra mujer.   <\/span><\/p>\n<p class=\"p1\"><strong><span class=\"s1\">La gravedad de Herman<\/span><\/strong><\/p>\n<p class=\"p1\"><span class=\"s1\">Hermann era reconocido como un dictador dentro de Tabou Combo. Dirig\u00eda a los m\u00fasicos como un maestro. Era el prefecto de la disciplina dentro del grupo. Su relaci\u00f3n con Shoubou siempre fue muy tensa y lo hab\u00eda sido durante m\u00e1s de 50 a\u00f1os.   <\/span><\/p>\n<p class=\"p1\"><span class=\"s1\">\u00abCuando quieres provocar un cambio, no debes tener miedo de tener enemigos\u00bb, ha insistido siempre en sus numerosas entrevistas.  <\/span><\/p>\n<p class=\"p1\"><span class=\"s1\">  Herman siempre me contaba que a menudo le atormentaban en Tabou\u00bb, afirma el periodista Nazaire Joinville, muy cercano al fallecido.  <\/span><\/p>\n<p class=\"p1\"><span class=\"s1\">\u00abUn d\u00eda, el guitarrista Ralph Cond\u00e9 se acerc\u00f3 al podio con un vaso de alcohol. Herman tir\u00f3 el vaso y le dijo a Ralph que el alcohol estaba prohibido<span class=\"Apple-converted-space\">  <\/span>en el podio de Tabou\u00bb, una peque\u00f1a an\u00e9cdota confiada a Nazario durante una reuni\u00f3n privada.  <\/span><\/p>\n<p class=\"p1\"><span class=\"s1\">Los m\u00fasicos de Tabou creen que, de no ser por la disciplina y la severidad de Herman Nau, Tabou Combo no habr\u00eda cosechado todos estos \u00e9xitos.<\/span><\/p>\n<p class=\"p1\"><strong><span class=\"s1\">Su ausencia de Tabou<\/span><\/strong><\/p>\n<p class=\"p1\"><span class=\"s1\">Entre 2001 y 2004, Herman abandon\u00f3 a sus compa\u00f1eros de Tabou Combo para aceptar el cargo de Secretario de Estado de Juventud y Deporte del presidente Jean Bertand Aristide.<span class=\"Apple-converted-space\">  <\/span>El ex presidente Aristide le llam\u00f3 personalmente a<span class=\"Apple-converted-space\">  <\/span>despu\u00e9s del carnaval de 2001 para darle el puesto.  <\/span><\/p>\n<p class=\"p1\"><span class=\"s1\">Tabou Combo produjo varios discos y espect\u00e1culos sin Herman durante este periodo. Descontentos con esta decisi\u00f3n, los m\u00fasicos de <span class=\"Apple-converted-space\">  <\/span>Tabou Combo le critic\u00f3 veladamente en una canci\u00f3n titulada \u00ab200 dola\u00bb del \u00e1lbum \u00abTaboulogie\u00bb, publicado en 2003.  <\/span><\/p>\n<p class=\"p1\"><span class=\"s1\">Puede que Herman Nau no fuera un excelente letrista y compositor, pero dej\u00f3 su impronta en casi todos los discos de Tabou Combo. Fue el responsable de todos los grandes espect\u00e1culos del grupo. Fue \u00e9l quien concibi\u00f3 el legendario espect\u00e1culo en el Zenith en 1998 para celebrar el 30 aniversario de Tabou.  <\/span><\/p>\n","protected":false},"excerpt":{"rendered":"<p>Hace quince d\u00edas, Yves Andr\u00e9 dit Fanfan Ti B\u00f2t confirm\u00f3 que Herman Nau hab\u00eda sufrido un derrame cerebral. El legendario bater\u00eda y cofundador de Tabou Combo fue trasladado de urgencia a un hospital de Nueva York, donde lamentablemente falleci\u00f3. Herman falleci\u00f3 el domingo 25 de julio de 2021, seg\u00fan informan los medios de comunicaci\u00f3n antillanos [&hellip;]<\/p>\n","protected":false},"author":19,"featured_media":0,"comment_status":"closed","ping_status":"closed","sticky":false,"template":"","format":"standard","meta":{"footnotes":""},"categories":[2287],"tags":[2435],"class_list":{"0":"post-23866","1":"post","2":"type-post","3":"status-publish","4":"format-standard","6":"category-empresa","7":"tag-herman-nau-es"},"_links":{"self":[{"href":"https:\/\/hebdo24.com\/es\/wp-json\/wp\/v2\/posts\/23866","targetHints":{"allow":["GET"]}}],"collection":[{"href":"https:\/\/hebdo24.com\/es\/wp-json\/wp\/v2\/posts"}],"about":[{"href":"https:\/\/hebdo24.com\/es\/wp-json\/wp\/v2\/types\/post"}],"author":[{"embeddable":true,"href":"https:\/\/hebdo24.com\/es\/wp-json\/wp\/v2\/users\/19"}],"replies":[{"embeddable":true,"href":"https:\/\/hebdo24.com\/es\/wp-json\/wp\/v2\/comments?post=23866"}],"version-history":[{"count":0,"href":"https:\/\/hebdo24.com\/es\/wp-json\/wp\/v2\/posts\/23866\/revisions"}],"wp:attachment":[{"href":"https:\/\/hebdo24.com\/es\/wp-json\/wp\/v2\/media?parent=23866"}],"wp:term":[{"taxonomy":"category","embeddable":true,"href":"https:\/\/hebdo24.com\/es\/wp-json\/wp\/v2\/categories?post=23866"},{"taxonomy":"post_tag","embeddable":true,"href":"https:\/\/hebdo24.com\/es\/wp-json\/wp\/v2\/tags?post=23866"}],"curies":[{"name":"wp","href":"https:\/\/api.w.org\/{rel}","templated":true}]}}