{"id":23860,"date":"2021-03-20T12:01:25","date_gmt":"2021-03-20T16:01:25","guid":{"rendered":"https:\/\/hebdo24.com\/2021\/03\/20\/sin-categoria\/reverendo-padre-joseph-hercule-50-anos-de-sacerdocio\/"},"modified":"2021-03-20T12:01:25","modified_gmt":"2021-03-20T16:01:25","slug":"reverendo-padre-joseph-hercule-50-anos-de-sacerdocio","status":"publish","type":"post","link":"https:\/\/hebdo24.com\/es\/reverendo-padre-joseph-hercule-50-anos-de-sacerdocio\/","title":{"rendered":"Reverendo Padre Joseph Hercule: 50 a\u00f1os de Sacerdocio"},"content":{"rendered":"<p class=\"p1\"><span class=\"s1\">El a\u00f1o 2021 marca el jubileo de servicio del Reverendo Padre Joseph Hercule. Se han previsto toda una serie de actividades para la ocasi\u00f3n. Este a\u00f1o, el aniversario coincide con la fiesta de San Jos\u00e9 de L&#8217;Asile.  <span class=\"Apple-converted-space\"> <\/span><\/span><\/p>\n<p class=\"p1\"><span class=\"s1\">Su sue\u00f1o siempre ha sido hacerse sacerdote y servir a Dios.<span class=\"Apple-converted-space\"> <\/span><\/span><\/p>\n<p class=\"p1\"><span class=\"s1\">H\u00e9rcules, diplomado del Liceo Alexandre P\u00e9tion en el \u00faltimo curso, fue admitido en el seminario mayor de Puerto Pr\u00edncipe sin haber hecho los ex\u00e1menes de ingreso. Es un antiguo ni\u00f1o de la parroquia de Saint Antoine de Vieux Bourg y miembro del coro de la iglesia. Su familia siempre le aconsej\u00f3 que se hiciera sacerdote.  <span class=\"Apple-converted-space\"> <\/span><\/span><\/p>\n<p class=\"p1\"><span class=\"s1\">Perseguidos por el dictador Fran\u00e7ois Duvalier, los jesuitas de la congregaci\u00f3n a la que pertenec\u00eda el seminarista se vieron obligados a abandonar el pa\u00eds.<span class=\"Apple-converted-space\"> <\/span><\/span><\/p>\n<p class=\"p1\"><span class=\"s1\">En 1971, H\u00e9rcules fue ordenado di\u00e1cono transitorio por un periodo de un mes. Ese mismo a\u00f1o, fue ordenado \u00absacerdote\u00bb en la catedral de Notre Dame des Cayes por monse\u00f1or Goin, obispo de Les Cayes en aquel momento. <span class=\"Apple-converted-space\"> <\/span><\/span><\/p>\n<p class=\"p1\"><span class=\"s1\">Sacerdote en 8 parroquias, actualmente jubilado de la parroquia de San Jos\u00e9 de L&#8217;Asile desde 2014, el sacerdote Joseph Hercule sirvi\u00f3 tambi\u00e9n en la parroquia de Santa Cecilia de Plich\u00e9 entre 1975 y 1981.<\/span><\/p>\n<p class=\"p1\"><span class=\"s1\">Entre 1978 y 1988, fue p\u00e1rroco de Saint Jean Du Sud. De julio de 1988 a marzo de 1997, fue p\u00e1rroco de Santa Ana de L&#8217;Anse \u00e0 <span class=\"Apple-converted-space\">  <\/span>Ternera. En la parroquia de Santa Catalina de Alejandr\u00eda, <span class=\"Apple-converted-space\">  <\/span>Dirigi\u00f3 la parroquia de 1997 a 2005. Entre octubre de 2005 y agosto de 2009, el padre Hercule fue nombrado p\u00e1rroco de la parroquia de San Francisco Javier, en Fond des Blancs. <span class=\"Apple-converted-space\"> <\/span><\/span><\/p>\n<p class=\"p1\"><span class=\"s1\">En 2009, fue destinado a la parroquia de San Jos\u00e9 de Torbeck, que abandon\u00f3 en 2010.<\/span><\/p>\n<p class=\"p1\"><span class=\"s1\">Y por \u00faltimo, antes de jubilarse, sirvi\u00f3 a Dios en la parroquia de Saint Michel des Nippes entre 2010 y 2013.<\/span><\/p>\n<p class=\"p1\"><span class=\"s1\">Hoy, el Reverendo dice estar agradecido al Se\u00f1or por haberle permitido permanecer fiel al ministerio todos estos a\u00f1os.<span class=\"Apple-converted-space\"> <\/span><\/span><\/p>\n<p class=\"p1\"><span class=\"s1\">Con una salud robusta, el octogenario sigue dirigiendo misas, bautizos y, a veces, funerales.<span class=\"Apple-converted-space\"> <\/span><\/span><\/p>\n<p class=\"p1\"><span class=\"s1\">A los j\u00f3venes que aspiran a ser sacerdotes, H\u00e9rcules les recomienda poner a prueba su vocaci\u00f3n ejerciendo su fe.<\/span><\/p>\n","protected":false},"excerpt":{"rendered":"<p>El a\u00f1o 2021 marca el jubileo de servicio del Reverendo Padre Joseph Hercule. Se han previsto toda una serie de actividades para la ocasi\u00f3n. Este a\u00f1o, el aniversario coincide con la fiesta de San Jos\u00e9 de L&#8217;Asile. Su sue\u00f1o siempre ha sido hacerse sacerdote y servir a Dios. H\u00e9rcules, diplomado del Liceo Alexandre P\u00e9tion en [&hellip;]<\/p>\n","protected":false},"author":19,"featured_media":0,"comment_status":"closed","ping_status":"closed","sticky":false,"template":"","format":"standard","meta":{"footnotes":""},"categories":[2218],"tags":[],"class_list":{"0":"post-23860","1":"post","2":"type-post","3":"status-publish","4":"format-standard","6":"category-religion"},"_links":{"self":[{"href":"https:\/\/hebdo24.com\/es\/wp-json\/wp\/v2\/posts\/23860","targetHints":{"allow":["GET"]}}],"collection":[{"href":"https:\/\/hebdo24.com\/es\/wp-json\/wp\/v2\/posts"}],"about":[{"href":"https:\/\/hebdo24.com\/es\/wp-json\/wp\/v2\/types\/post"}],"author":[{"embeddable":true,"href":"https:\/\/hebdo24.com\/es\/wp-json\/wp\/v2\/users\/19"}],"replies":[{"embeddable":true,"href":"https:\/\/hebdo24.com\/es\/wp-json\/wp\/v2\/comments?post=23860"}],"version-history":[{"count":0,"href":"https:\/\/hebdo24.com\/es\/wp-json\/wp\/v2\/posts\/23860\/revisions"}],"wp:attachment":[{"href":"https:\/\/hebdo24.com\/es\/wp-json\/wp\/v2\/media?parent=23860"}],"wp:term":[{"taxonomy":"category","embeddable":true,"href":"https:\/\/hebdo24.com\/es\/wp-json\/wp\/v2\/categories?post=23860"},{"taxonomy":"post_tag","embeddable":true,"href":"https:\/\/hebdo24.com\/es\/wp-json\/wp\/v2\/tags?post=23860"}],"curies":[{"name":"wp","href":"https:\/\/api.w.org\/{rel}","templated":true}]}}