{"id":23814,"date":"2021-08-28T15:05:30","date_gmt":"2021-08-28T19:05:30","guid":{"rendered":"https:\/\/hebdo24.com\/2021\/08\/28\/sin-categoria\/una-serie-de-actividades-organizadas-en-memoria-del-dr-monferier-dorval\/"},"modified":"2021-08-28T15:05:30","modified_gmt":"2021-08-28T19:05:30","slug":"una-serie-de-actividades-organizadas-en-memoria-del-dr-monferier-dorval","status":"publish","type":"post","link":"https:\/\/hebdo24.com\/es\/una-serie-de-actividades-organizadas-en-memoria-del-dr-monferier-dorval\/","title":{"rendered":"Una serie de actividades organizadas en memoria del Dr. Monferier Dorval"},"content":{"rendered":"<p class=\"p1\"><strong><span class=\"s1\">28 de agosto de 2020- 28 de agosto de 2021. Ya ha pasado un a\u00f1o desde que el ex presidente del Colegio de Abogados de Puerto Pr\u00edncipe fue asesinado frente a su domicilio en P\u00e8lerin. Para conmemorar este primer a\u00f1o, el Colegio de Abogados de Puerto Pr\u00edncipe ha puesto en marcha una serie de actividades conmemorativas para honrar la memoria del b\u00e2tonnier. El programa incluye una conferencia y un debate, y una exposici\u00f3n de libros y art\u00edculos.   <\/span><\/strong><\/p>\n<p class=\"p1\"><span class=\"s1\">Tambi\u00e9n asistieron juristas, abogados de carrera y otras personas para participar en esta serie de actividades. Inmediatamente despu\u00e9s de la exposici\u00f3n, lleg\u00f3 el turno de la conferencia-debate. <\/span><\/p>\n<p class=\"p1\"><span class=\"s1\">Con voz rotunda, Marie Suzy Legros, la actual B\u00e2tonni\u00e8re, abri\u00f3 el debate evocando todos los temas que Me Dorval cultiv\u00f3 a lo largo de su vida. Desde el \u00abcambio de r\u00e9gimen pol\u00edtico\u00bb al \u00abcambio de constituci\u00f3n\u00bb, pasando por las \u00abteor\u00edas de las formalidades imposibles\u00bb. Termin\u00f3 su discurso expresando la esperanza de que la justicia encuentre y castigue a los responsables de este odioso acto.  <\/span><\/p>\n<p class=\"p1\"><span class=\"s1\">A continuaci\u00f3n, el profesor L\u00e9on Saint-Louis, presidente del Comit\u00e9 Cient\u00edfico del Colegio de Abogados, comenz\u00f3 diciendo que, desde que regres\u00f3 al pa\u00eds en 1994 hasta su fallecimiento en 2020, el antiguo presidente del Colegio nunca dej\u00f3 de contribuir al avance del Derecho en este pa\u00eds. Tambi\u00e9n record\u00f3 que, gracias al Dr. Dorval, el Derecho ha despegado considerablemente en el pa\u00eds gracias a su influencia. <\/span><\/p>\n<p class=\"p1\"><span class=\"s1\">El profesor Dorval era un intelectual de alto nivel que estudi\u00f3 la licenciatura en Hait\u00ed en la Facultad de Derecho de Puerto Pr\u00edncipe y en la Facultad de Humanidades. Posteriormente realiz\u00f3 sus estudios de m\u00e1ster y doctorado en Francia, donde obtuvo el doctorado en Derecho P\u00fablico tras ganar un concurso organizado por la Embajada de Francia en Hait\u00ed en el marco de un convenio entre la Facultad de Derecho y Econom\u00eda (FDSE) y la Universidad de Aix Marseille. <\/span><\/p>\n<p class=\"p1\"><span class=\"s1\">Seg\u00fan algunos, el ex Presidente del Colegio de Abogados nunca habr\u00eda pertenecido a un partido pol\u00edtico. Siempre dec\u00eda cosas liberadoras, como \u00e9sta, que pronunciaba a menudo bajo Jovenel Mo\u00efse: \u00abEl pa\u00eds ni se administra ni se dirige\u00bb. <\/span><\/p>\n<p class=\"p1\"><span class=\"s1\">Una condena que le habr\u00eda costado la vida. La noche del 28 de agosto de 2020, pocos d\u00edas despu\u00e9s de citarlo en una emisora de radio de la capital, fue cobardemente agredido y asesinado a tiros en su domicilio particular de P\u00e8lerin, no lejos del del ex presidente de la Rep\u00fablica, Sr. Jovenel Mo\u00efse. <\/span><\/p>\n","protected":false},"excerpt":{"rendered":"<p>28 de agosto de 2020- 28 de agosto de 2021. Ya ha pasado un a\u00f1o desde que el ex presidente del Colegio de Abogados de Puerto Pr\u00edncipe fue asesinado frente a su domicilio en P\u00e8lerin. Para conmemorar este primer a\u00f1o, el Colegio de Abogados de Puerto Pr\u00edncipe ha puesto en marcha una serie de actividades [&hellip;]<\/p>\n","protected":false},"author":54,"featured_media":0,"comment_status":"open","ping_status":"open","sticky":false,"template":"","format":"standard","meta":{"footnotes":""},"categories":[2287],"tags":[2142,2200,2396,2397],"class_list":{"0":"post-23814","1":"post","2":"type-post","3":"status-publish","4":"format-standard","6":"category-empresa","7":"tag-haiti-es","8":"tag-inseguridad-es","9":"tag-inseguridad-en-haiti","10":"tag-monferier-dorval-es"},"_links":{"self":[{"href":"https:\/\/hebdo24.com\/es\/wp-json\/wp\/v2\/posts\/23814","targetHints":{"allow":["GET"]}}],"collection":[{"href":"https:\/\/hebdo24.com\/es\/wp-json\/wp\/v2\/posts"}],"about":[{"href":"https:\/\/hebdo24.com\/es\/wp-json\/wp\/v2\/types\/post"}],"author":[{"embeddable":true,"href":"https:\/\/hebdo24.com\/es\/wp-json\/wp\/v2\/users\/54"}],"replies":[{"embeddable":true,"href":"https:\/\/hebdo24.com\/es\/wp-json\/wp\/v2\/comments?post=23814"}],"version-history":[{"count":0,"href":"https:\/\/hebdo24.com\/es\/wp-json\/wp\/v2\/posts\/23814\/revisions"}],"wp:attachment":[{"href":"https:\/\/hebdo24.com\/es\/wp-json\/wp\/v2\/media?parent=23814"}],"wp:term":[{"taxonomy":"category","embeddable":true,"href":"https:\/\/hebdo24.com\/es\/wp-json\/wp\/v2\/categories?post=23814"},{"taxonomy":"post_tag","embeddable":true,"href":"https:\/\/hebdo24.com\/es\/wp-json\/wp\/v2\/tags?post=23814"}],"curies":[{"name":"wp","href":"https:\/\/api.w.org\/{rel}","templated":true}]}}