{"id":23811,"date":"2021-08-29T15:38:28","date_gmt":"2021-08-29T19:38:28","guid":{"rendered":"https:\/\/hebdo24.com\/2021\/08\/29\/sin-categoria\/un-ultimo-homenaje-al-ex-alcalde-de-les-cayes-jean-gabriel-fortune\/"},"modified":"2021-08-29T15:38:28","modified_gmt":"2021-08-29T19:38:28","slug":"un-ultimo-homenaje-al-ex-alcalde-de-les-cayes-jean-gabriel-fortune","status":"publish","type":"post","link":"https:\/\/hebdo24.com\/es\/un-ultimo-homenaje-al-ex-alcalde-de-les-cayes-jean-gabriel-fortune\/","title":{"rendered":"Un \u00faltimo homenaje al ex alcalde de Les Cayes, Jean Gabriel Fortun\u00e9"},"content":{"rendered":"<p class=\"p1\"><strong><span class=\"s1\">El s\u00e1bado 28 de agosto de 2021 se celebraron en la ciudad de Les Cayes los funerales del ex alcalde y senador del departamento del Sur, D. Jean Gabriel Fortun\u00e9. Varias personalidades pol\u00edticas asistieron al acto. Quer\u00edan presentar sus \u00faltimos respetos al natural de Torbeck, una de las desafortunadas v\u00edctimas del terremoto del 14 de agosto de 2012, que sacudi\u00f3 terriblemente el sur del pa\u00eds.  <\/span><\/strong><\/p>\n<p class=\"p1\"><span class=\"s1\">A la ceremonia asistieron el Primer Ministro, Ariel Henry, el Ministro de Asuntos Exteriores y Asuntos Religiosos, Claude Joseph, y el ex diputado por Delmas y ex Vicepresidente de la Asamblea Nacional en la \u00faltima legislatura, Gary Bodeau.<\/span><\/p>\n<p class=\"p1\"><span class=\"s1\">Tambi\u00e9n asistieron los ex senadores Jean R\u00e9nel S\u00e9natus y Youri Latortue, el Secretario General del Rassemblement des D\u00e9mocrates Nationaux Progressistes, Eric Jean-Baptiste, y una nutrida delegaci\u00f3n de la Loter\u00eda de Estado de Hait\u00ed, dirigida desde hace cinco a\u00f1os por su hermana Margareth Fortun\u00e9.<\/span><\/p>\n<p class=\"p1\"><span class=\"s1\">En su homil\u00eda para la ocasi\u00f3n, el reverendo padre Jeannot Luxama, encargado de la ceremonia, aprovech\u00f3 la ocasi\u00f3n para describir la vida del acaudalado Sr. Jean Gabriel, de quien dijo que era un modelo para su generaci\u00f3n.<\/span><\/p>\n<p class=\"p1\"><span class=\"s1\">\u00abEra soci\u00f3logo de formaci\u00f3n, profesor, empresario y pol\u00edtico que se ofreci\u00f3 en holocausto por la causa de su pa\u00eds. Pero, por desgracia, el cataclismo nos lo arrebat\u00f3\u00bb, declar\u00f3.<\/span><\/p>\n<p class=\"p1\"><span class=\"s1\">Los restos del difunto Jean Gabriel Fortun\u00e9 fueron enterrados en Torbeck, su pueblo natal, a unas decenas de kil\u00f3metros de la ciudad de Les Cayes.<\/span><\/p>\n","protected":false},"excerpt":{"rendered":"<p>El s\u00e1bado 28 de agosto de 2021 se celebraron en la ciudad de Les Cayes los funerales del ex alcalde y senador del departamento del Sur, D. Jean Gabriel Fortun\u00e9. Varias personalidades pol\u00edticas asistieron al acto. Quer\u00edan presentar sus \u00faltimos respetos al natural de Torbeck, una de las desafortunadas v\u00edctimas del terremoto del 14 de [&hellip;]<\/p>\n","protected":false},"author":54,"featured_media":0,"comment_status":"open","ping_status":"open","sticky":false,"template":"","format":"standard","meta":{"footnotes":""},"categories":[2141],"tags":[],"class_list":{"0":"post-23811","1":"post","2":"type-post","3":"status-publish","4":"format-standard","6":"category-politica"},"_links":{"self":[{"href":"https:\/\/hebdo24.com\/es\/wp-json\/wp\/v2\/posts\/23811","targetHints":{"allow":["GET"]}}],"collection":[{"href":"https:\/\/hebdo24.com\/es\/wp-json\/wp\/v2\/posts"}],"about":[{"href":"https:\/\/hebdo24.com\/es\/wp-json\/wp\/v2\/types\/post"}],"author":[{"embeddable":true,"href":"https:\/\/hebdo24.com\/es\/wp-json\/wp\/v2\/users\/54"}],"replies":[{"embeddable":true,"href":"https:\/\/hebdo24.com\/es\/wp-json\/wp\/v2\/comments?post=23811"}],"version-history":[{"count":0,"href":"https:\/\/hebdo24.com\/es\/wp-json\/wp\/v2\/posts\/23811\/revisions"}],"wp:attachment":[{"href":"https:\/\/hebdo24.com\/es\/wp-json\/wp\/v2\/media?parent=23811"}],"wp:term":[{"taxonomy":"category","embeddable":true,"href":"https:\/\/hebdo24.com\/es\/wp-json\/wp\/v2\/categories?post=23811"},{"taxonomy":"post_tag","embeddable":true,"href":"https:\/\/hebdo24.com\/es\/wp-json\/wp\/v2\/tags?post=23811"}],"curies":[{"name":"wp","href":"https:\/\/api.w.org\/{rel}","templated":true}]}}