{"id":23801,"date":"2025-04-21T10:37:16","date_gmt":"2025-04-21T14:37:16","guid":{"rendered":"https:\/\/hebdo24.com\/2025\/04\/21\/sin-categoria\/mast-los-empleados-se-manifiestan-para-pedir-la-destitucion-del-ministro-georges-wilbert-franck\/"},"modified":"2025-05-11T18:15:37","modified_gmt":"2025-05-11T22:15:37","slug":"mast-los-empleados-se-manifiestan-para-pedir-la-destitucion-del-ministro-georges-wilbert-franck","status":"publish","type":"post","link":"https:\/\/hebdo24.com\/es\/mast-los-empleados-se-manifiestan-para-pedir-la-destitucion-del-ministro-georges-wilbert-franck\/","title":{"rendered":"MAST: los empleados se manifiestan para pedir la destituci\u00f3n del ministro Georges Wilbert Franck"},"content":{"rendered":"\n<p><strong>El 17 de abril de 2025, los empleados del Ministerio de Asuntos Sociales y Trabajo (MAST) se manifestaron, expresando rabia y desesperaci\u00f3n por meses de abandono, incluidos tres meses sin cobrar.<\/strong><\/p>\n\n<p>Esta situaci\u00f3n ha sumido a muchas familias en la incertidumbre, suscitando leg\u00edtimas reivindicaciones para que se respeten los derechos fundamentales de los trabajadores.<\/p>\n\n<p>Los manifestantes denunciaron unas condiciones de trabajo catastr\u00f3ficas y a un ministro, Georges Wilbert Franck, acusado de desprecio, corrupci\u00f3n y promesas incumplidas, que hab\u00edan erosionado la confianza en \u00e9l.<\/p>\n\n<p>Los empleados exigieron su despido. El silencio de MAST ante esta crisis agrav\u00f3 la situaci\u00f3n, convirtiendo el descontento en acci\u00f3n de protesta. <\/p>\n\n<p>MAST debe tomar medidas concretas para resolver estos problemas, ofreciendo salarios y condiciones de trabajo decentes y un di\u00e1logo abierto.<\/p>\n\n<p>No actuar podr\u00eda provocar una fractura m\u00e1s profunda en la credibilidad de la instituci\u00f3n. El gobierno debe actuar para proteger a quienes trabajan por el bien com\u00fan. <\/p>\n\n<p><\/p>\n","protected":false},"excerpt":{"rendered":"<p>El 17 de abril de 2025, los empleados del Ministerio de Asuntos Sociales y Trabajo (MAST) se manifestaron, expresando rabia y desesperaci\u00f3n por meses de abandono, incluidos tres meses sin cobrar. Esta situaci\u00f3n ha sumido a muchas familias en la incertidumbre, suscitando leg\u00edtimas reivindicaciones para que se respeten los derechos fundamentales de los trabajadores. Los [&hellip;]<\/p>\n","protected":false},"author":50,"featured_media":21826,"comment_status":"closed","ping_status":"open","sticky":false,"template":"","format":"standard","meta":{"footnotes":""},"categories":[2141],"tags":[2386,2142,2385],"class_list":{"0":"post-23801","1":"post","2":"type-post","3":"status-publish","4":"format-standard","5":"has-post-thumbnail","7":"category-politica","8":"tag-georges-wilbert-franck-es","9":"tag-haiti-es","10":"tag-mast-es"},"_links":{"self":[{"href":"https:\/\/hebdo24.com\/es\/wp-json\/wp\/v2\/posts\/23801","targetHints":{"allow":["GET"]}}],"collection":[{"href":"https:\/\/hebdo24.com\/es\/wp-json\/wp\/v2\/posts"}],"about":[{"href":"https:\/\/hebdo24.com\/es\/wp-json\/wp\/v2\/types\/post"}],"author":[{"embeddable":true,"href":"https:\/\/hebdo24.com\/es\/wp-json\/wp\/v2\/users\/50"}],"replies":[{"embeddable":true,"href":"https:\/\/hebdo24.com\/es\/wp-json\/wp\/v2\/comments?post=23801"}],"version-history":[{"count":1,"href":"https:\/\/hebdo24.com\/es\/wp-json\/wp\/v2\/posts\/23801\/revisions"}],"predecessor-version":[{"id":23804,"href":"https:\/\/hebdo24.com\/es\/wp-json\/wp\/v2\/posts\/23801\/revisions\/23804"}],"wp:featuredmedia":[{"embeddable":true,"href":"https:\/\/hebdo24.com\/es\/wp-json\/wp\/v2\/media\/21826"}],"wp:attachment":[{"href":"https:\/\/hebdo24.com\/es\/wp-json\/wp\/v2\/media?parent=23801"}],"wp:term":[{"taxonomy":"category","embeddable":true,"href":"https:\/\/hebdo24.com\/es\/wp-json\/wp\/v2\/categories?post=23801"},{"taxonomy":"post_tag","embeddable":true,"href":"https:\/\/hebdo24.com\/es\/wp-json\/wp\/v2\/tags?post=23801"}],"curies":[{"name":"wp","href":"https:\/\/api.w.org\/{rel}","templated":true}]}}