{"id":23787,"date":"2025-04-18T06:39:16","date_gmt":"2025-04-18T10:39:16","guid":{"rendered":"https:\/\/hebdo24.com\/2025\/04\/18\/sin-categoria\/usher-incendia-el-accor-arena-con-una-sorpresa-haitiana\/"},"modified":"2025-05-11T18:15:31","modified_gmt":"2025-05-11T22:15:31","slug":"usher-incendia-el-accor-arena-con-una-sorpresa-haitiana","status":"publish","type":"post","link":"https:\/\/hebdo24.com\/es\/usher-incendia-el-accor-arena-con-una-sorpresa-haitiana\/","title":{"rendered":"Usher incendia el Accor Arena con una sorpresa haitiana"},"content":{"rendered":"\n<p><strong>El martes 15 de abril de 2025, el Accor Arena de Par\u00eds se transform\u00f3 en un aut\u00e9ntico templo del R&amp;B con la actuaci\u00f3n de Usher, uno de los iconos m\u00e1s influyentes del g\u00e9nero. Ante un p\u00fablico cautivado, el artista estadounidense ofreci\u00f3 una actuaci\u00f3n a la altura de su reputaci\u00f3n. Pero el momento culminante de la velada fue sin duda la inesperada aparici\u00f3n de Jo\u00e9 Dw\u00e8t Fil\u00e9 en el escenario.  <\/strong><\/p>\n\n<p>El cantante franco-haitiano se uni\u00f3 a Usher para interpretar su tema conjunto \u00ab4 Kamp\u00e9\u00bb, en un ambiente fren\u00e9tico. Este encuentro musical entre dos mundos -el groove americano de Usher y los sonidos afrocaribe\u00f1os de Jo\u00e9- electriz\u00f3 al p\u00fablico. Aclamado por el p\u00fablico, Jo\u00e9 Dw\u00e8t Fil\u00e9 dej\u00f3 su impronta en una velada ya de por s\u00ed memorable.  <\/p>\n\n<p>Esta colaboraci\u00f3n esc\u00e9nica no es insignificante. Da fe del creciente reconocimiento de Jo\u00e9 en la escena internacional, ya que sigue llevando en alto los colores de sus or\u00edgenes haitianos en sus creaciones musicales. <\/p>\n\n<p>Combinando sus voces, estilos y energ\u00edas, Usher y Jo\u00e9 Dw\u00e8t Fil\u00e9 han demostrado que la m\u00fasica no conoce fronteras.<\/p>\n","protected":false},"excerpt":{"rendered":"<p>El martes 15 de abril de 2025, el Accor Arena de Par\u00eds se transform\u00f3 en un aut\u00e9ntico templo del R&amp;B con la actuaci\u00f3n de Usher, uno de los iconos m\u00e1s influyentes del g\u00e9nero. Ante un p\u00fablico cautivado, el artista estadounidense ofreci\u00f3 una actuaci\u00f3n a la altura de su reputaci\u00f3n. Pero el momento culminante de la [&hellip;]<\/p>\n","protected":false},"author":50,"featured_media":21822,"comment_status":"closed","ping_status":"open","sticky":false,"template":"","format":"standard","meta":{"footnotes":""},"categories":[2249,2250],"tags":[2266,2379,2378],"class_list":{"0":"post-23787","1":"post","2":"type-post","3":"status-publish","4":"format-standard","5":"has-post-thumbnail","7":"category-cultura","8":"category-musica","9":"tag-4-kampe-es","10":"tag-accor-arena-es","11":"tag-usher-es"},"_links":{"self":[{"href":"https:\/\/hebdo24.com\/es\/wp-json\/wp\/v2\/posts\/23787","targetHints":{"allow":["GET"]}}],"collection":[{"href":"https:\/\/hebdo24.com\/es\/wp-json\/wp\/v2\/posts"}],"about":[{"href":"https:\/\/hebdo24.com\/es\/wp-json\/wp\/v2\/types\/post"}],"author":[{"embeddable":true,"href":"https:\/\/hebdo24.com\/es\/wp-json\/wp\/v2\/users\/50"}],"replies":[{"embeddable":true,"href":"https:\/\/hebdo24.com\/es\/wp-json\/wp\/v2\/comments?post=23787"}],"version-history":[{"count":1,"href":"https:\/\/hebdo24.com\/es\/wp-json\/wp\/v2\/posts\/23787\/revisions"}],"predecessor-version":[{"id":23788,"href":"https:\/\/hebdo24.com\/es\/wp-json\/wp\/v2\/posts\/23787\/revisions\/23788"}],"wp:featuredmedia":[{"embeddable":true,"href":"https:\/\/hebdo24.com\/es\/wp-json\/wp\/v2\/media\/21822"}],"wp:attachment":[{"href":"https:\/\/hebdo24.com\/es\/wp-json\/wp\/v2\/media?parent=23787"}],"wp:term":[{"taxonomy":"category","embeddable":true,"href":"https:\/\/hebdo24.com\/es\/wp-json\/wp\/v2\/categories?post=23787"},{"taxonomy":"post_tag","embeddable":true,"href":"https:\/\/hebdo24.com\/es\/wp-json\/wp\/v2\/tags?post=23787"}],"curies":[{"name":"wp","href":"https:\/\/api.w.org\/{rel}","templated":true}]}}