{"id":23779,"date":"2025-04-17T12:56:40","date_gmt":"2025-04-17T16:56:40","guid":{"rendered":"https:\/\/hebdo24.com\/2025\/04\/17\/sin-categoria\/cuando-devolvera-francia-el-dinero-a-haiti\/"},"modified":"2025-05-11T18:15:00","modified_gmt":"2025-05-11T22:15:00","slug":"cuando-devolvera-francia-el-dinero-a-haiti","status":"publish","type":"post","link":"https:\/\/hebdo24.com\/es\/cuando-devolvera-francia-el-dinero-a-haiti\/","title":{"rendered":"\u00bfCu\u00e1ndo devolver\u00e1 Francia el dinero a Hait\u00ed?"},"content":{"rendered":"&#13;\n<p><strong>El 17 de abril de 2025, Emmanuel Macron conmemor\u00f3, con los honores de la Rep\u00fablica, el bicentenario del reconocimiento por Francia de la independencia de Hait\u00ed.<\/strong><\/p>&#13;\n&#13;\n<p>Un gesto simb\u00f3lico, sin duda, pero insuficiente para borrar doscientos a\u00f1os de injusticia. Detr\u00e1s de este reconocimiento de 1825 se esconde un crimen econ\u00f3mico: una indemnizaci\u00f3n de 150 millones de francos oro, extorsionada bajo amenaza de ca\u00f1onazos franceses, por el precio de la libertad de un pueblo que ya hab\u00eda conquistado su emancipaci\u00f3n por la fuerza de las armas. <\/p>&#13;\n&#13;\n<p>En 1825, Hait\u00ed, la primera rep\u00fablica negra surgida de una victoriosa revuelta de esclavos, fue estrangulada por este rescate ileg\u00edtimo. Un rescate que arruin\u00f3 al pa\u00eds, hipotec\u00f3 su desarrollo y aliment\u00f3 siglos de inestabilidad. <\/p>&#13;\n&#13;\n<p>Hoy, Emmanuel Macron habla de injusticia y anuncia una comisi\u00f3n mixta para \u00abexaminar nuestro pasado com\u00fan\u00bb. Todo eso est\u00e1 muy bien. Pero, \u00bfcu\u00e1ndo reconocer\u00e1 Francia que esta deuda no s\u00f3lo fue inmoral, sino criminal? Y, sobre todo, \u00bfcu\u00e1ndo reparar\u00e1 concretamente este robo hist\u00f3rico?   <\/p>&#13;\n&#13;\n<p>El presidente franc\u00e9s elogia los \u00abideales compartidos\u00bb de las revoluciones francesa y haitiana. Bonita ret\u00f3rica. Pero mientras \u00e9l celebra estos valores, Hait\u00ed se hunde en el caos, herencia directa del colonialismo depredador y de d\u00e9cadas de injerencia.  <\/p>&#13;\n&#13;\n<p>Una comisi\u00f3n de historiadores es \u00fatil, pero no ser\u00e1 suficiente. La verdad es conocida: Francia saque\u00f3 Hait\u00ed. Lo que se necesita ahora no son palabras, sino hechos.  <\/p>&#13;\n&#13;\n<p>Macron evita cuidadosamente la palabra \u00abreparaci\u00f3n\u00bb. Sin embargo, \u00bfc\u00f3mo podemos hablar de \u00abresponsabilidad\u00bb sin hablar de restituci\u00f3n? Los 150 millones de francos oro de 1825, ajustados a la inflaci\u00f3n y los intereses, representan hoy decenas de miles de millones de euros. Hait\u00ed necesita este dinero para reconstruirse.   <\/p>&#13;\n&#13;\n<p>\u00bfPuede Francia, que sigue cosechando los beneficios de su pasado colonial, pretender realmente pasar p\u00e1gina sin saldar esta deuda?<\/p>&#13;\n&#13;\n<p>Reconocer los cr\u00edmenes del pasado es un paso necesario pero insuficiente. Si Francia quiere realmente \u00abasumir su parte de responsabilidad\u00bb, debe ir m\u00e1s all\u00e1 de los s\u00edmbolos y las comisiones. Debe restituir. Emmanuel Macron tiene raz\u00f3n en una cosa: \u00abreconocer la verdad de la historia ofrece a las naciones una oportunidad excepcional para construir un futuro com\u00fan\u00bb.   <\/p>&#13;\n&#13;\n<p>Pero este futuro s\u00f3lo ser\u00e1 posible cuando Francia pague por fin su deuda. No s\u00f3lo con palabras. En dinero. En justicia.   <\/p>&#13;\n&#13;\n<p>Es hora de que la Rep\u00fablica, que se proclama heredera de la Ilustraci\u00f3n, deje de burlarse de su moral. Doscientos a\u00f1os son suficientes. Hait\u00ed ha esperado demasiado.  <\/p>&#13;\n&#13;\n<pre class=\"wp-block-preformatted\"><strong>Mantente conectado con Hebdo24<\/strong> <br\/><strong>A trav\u00e9s de nuestro canal de WhatsApp <a href=\"https:\/\/whatsapp.com\/channel\/0029Va7ff6tEFeXrqCON9u3j\" target=\"_blank\" rel=\"noopener\">https:\/\/whatsapp.com\/channel\/0029Va7ff6tEFeXrqCON9u3j<\/a><\/strong><\/pre>&#13;\n","protected":false},"excerpt":{"rendered":"<p>&#13; El 17 de abril de 2025, Emmanuel Macron conmemor\u00f3, con los honores de la Rep\u00fablica, el bicentenario del reconocimiento por Francia de la independencia de Hait\u00ed. &#13; &#13; Un gesto simb\u00f3lico, sin duda, pero insuficiente para borrar doscientos a\u00f1os de injusticia. Detr\u00e1s de este reconocimiento de 1825 se esconde un crimen econ\u00f3mico: una indemnizaci\u00f3n [&hellip;]<\/p>\n","protected":false},"author":51,"featured_media":21818,"comment_status":"closed","ping_status":"open","sticky":false,"template":"","format":"standard","meta":{"footnotes":""},"categories":[2370,2112],"tags":[2371,2369,2321,2142],"class_list":{"0":"post-23779","1":"post","2":"type-post","3":"status-publish","4":"format-standard","5":"has-post-thumbnail","7":"category-historia","8":"category-noticias","9":"tag-deuda","10":"tag-emmanuel-macron-es","11":"tag-francia","12":"tag-haiti-es"},"_links":{"self":[{"href":"https:\/\/hebdo24.com\/es\/wp-json\/wp\/v2\/posts\/23779","targetHints":{"allow":["GET"]}}],"collection":[{"href":"https:\/\/hebdo24.com\/es\/wp-json\/wp\/v2\/posts"}],"about":[{"href":"https:\/\/hebdo24.com\/es\/wp-json\/wp\/v2\/types\/post"}],"author":[{"embeddable":true,"href":"https:\/\/hebdo24.com\/es\/wp-json\/wp\/v2\/users\/51"}],"replies":[{"embeddable":true,"href":"https:\/\/hebdo24.com\/es\/wp-json\/wp\/v2\/comments?post=23779"}],"version-history":[{"count":1,"href":"https:\/\/hebdo24.com\/es\/wp-json\/wp\/v2\/posts\/23779\/revisions"}],"predecessor-version":[{"id":23781,"href":"https:\/\/hebdo24.com\/es\/wp-json\/wp\/v2\/posts\/23779\/revisions\/23781"}],"wp:featuredmedia":[{"embeddable":true,"href":"https:\/\/hebdo24.com\/es\/wp-json\/wp\/v2\/media\/21818"}],"wp:attachment":[{"href":"https:\/\/hebdo24.com\/es\/wp-json\/wp\/v2\/media?parent=23779"}],"wp:term":[{"taxonomy":"category","embeddable":true,"href":"https:\/\/hebdo24.com\/es\/wp-json\/wp\/v2\/categories?post=23779"},{"taxonomy":"post_tag","embeddable":true,"href":"https:\/\/hebdo24.com\/es\/wp-json\/wp\/v2\/tags?post=23779"}],"curies":[{"name":"wp","href":"https:\/\/api.w.org\/{rel}","templated":true}]}}