{"id":23762,"date":"2025-04-16T05:48:03","date_gmt":"2025-04-16T09:48:03","guid":{"rendered":"https:\/\/hebdo24.com\/2025\/04\/16\/sin-categoria\/martine-moise-llama-a-la-movilizacion-popular-contra-la-inaccion-del-estado-haitiano\/"},"modified":"2025-05-11T18:14:25","modified_gmt":"2025-05-11T22:14:25","slug":"martine-moise-llama-a-la-movilizacion-popular-contra-la-inaccion-del-estado-haitiano","status":"publish","type":"post","link":"https:\/\/hebdo24.com\/es\/martine-moise-llama-a-la-movilizacion-popular-contra-la-inaccion-del-estado-haitiano\/","title":{"rendered":"Martine Mo\u00efse llama a la movilizaci\u00f3n popular contra la inacci\u00f3n del Estado haitiano"},"content":{"rendered":"&#13;\n<p><strong>En un tuit, Martine Mo\u00efse, viuda del ex presidente Jovenel Mo\u00efse, hizo un apasionado llamamiento al pueblo haitiano para que se movilizara en masa este mi\u00e9rcoles.<\/strong><\/p>&#13;\n&#13;\n<p>En ella, denunci\u00f3 las insoportables condiciones de vida, la creciente inseguridad y la falta de apoyo estatal ante las crisis que asolan el pa\u00eds.<\/p>&#13;\n&#13;\n<p>Martine Mo\u00efse expres\u00f3 su profunda tristeza por la violencia que afecta a varias zonas, como Solino, Delmas 30, Kenscoff y Mirebalais. Subray\u00f3 la angustia de las familias ante la lluvia, la falta de cobijo y la incertidumbre sobre el futuro de sus hijos. <\/p>&#13;\n&#13;\n<p>Condena la inacci\u00f3n de las autoridades: \u00abEl Estado, que deber\u00eda habernos apoyado durante los \u00faltimos 4 a\u00f1os, no se interesa por los asuntos del pueblo\u00bb. Es un comentario amargo que refleja el sentimiento de abandono de gran parte de la poblaci\u00f3n.<\/p>&#13;\n&#13;\n<p>Martine Mo\u00efse insta a los haitianos a salir a la calle este mi\u00e9rcoles para exigir responsabilidades. Pide al gobierno que presente un plan de acci\u00f3n claro, o corre el riesgo de verse obligado a abandonar el poder. <\/p>&#13;\n&#13;\n<p>Este llamamiento se produce en un contexto de extrema tensi\u00f3n, marcado por un recrudecimiento de la violencia de las bandas, una crisis humanitaria y un vac\u00edo pol\u00edtico persistente.<\/p>&#13;\n","protected":false},"excerpt":{"rendered":"<p>&#13; En un tuit, Martine Mo\u00efse, viuda del ex presidente Jovenel Mo\u00efse, hizo un apasionado llamamiento al pueblo haitiano para que se movilizara en masa este mi\u00e9rcoles. &#13; &#13; En ella, denunci\u00f3 las insoportables condiciones de vida, la creciente inseguridad y la falta de apoyo estatal ante las crisis que asolan el pa\u00eds. &#13; &#13; [&hellip;]<\/p>\n","protected":false},"author":50,"featured_media":21802,"comment_status":"closed","ping_status":"open","sticky":false,"template":"","format":"standard","meta":{"footnotes":""},"categories":[2141],"tags":[2346,2366],"class_list":{"0":"post-23762","1":"post","2":"type-post","3":"status-publish","4":"format-standard","5":"has-post-thumbnail","7":"category-politica","8":"tag-evento","9":"tag-martine-moise-es"},"_links":{"self":[{"href":"https:\/\/hebdo24.com\/es\/wp-json\/wp\/v2\/posts\/23762","targetHints":{"allow":["GET"]}}],"collection":[{"href":"https:\/\/hebdo24.com\/es\/wp-json\/wp\/v2\/posts"}],"about":[{"href":"https:\/\/hebdo24.com\/es\/wp-json\/wp\/v2\/types\/post"}],"author":[{"embeddable":true,"href":"https:\/\/hebdo24.com\/es\/wp-json\/wp\/v2\/users\/50"}],"replies":[{"embeddable":true,"href":"https:\/\/hebdo24.com\/es\/wp-json\/wp\/v2\/comments?post=23762"}],"version-history":[{"count":1,"href":"https:\/\/hebdo24.com\/es\/wp-json\/wp\/v2\/posts\/23762\/revisions"}],"predecessor-version":[{"id":23764,"href":"https:\/\/hebdo24.com\/es\/wp-json\/wp\/v2\/posts\/23762\/revisions\/23764"}],"wp:featuredmedia":[{"embeddable":true,"href":"https:\/\/hebdo24.com\/es\/wp-json\/wp\/v2\/media\/21802"}],"wp:attachment":[{"href":"https:\/\/hebdo24.com\/es\/wp-json\/wp\/v2\/media?parent=23762"}],"wp:term":[{"taxonomy":"category","embeddable":true,"href":"https:\/\/hebdo24.com\/es\/wp-json\/wp\/v2\/categories?post=23762"},{"taxonomy":"post_tag","embeddable":true,"href":"https:\/\/hebdo24.com\/es\/wp-json\/wp\/v2\/tags?post=23762"}],"curies":[{"name":"wp","href":"https:\/\/api.w.org\/{rel}","templated":true}]}}