{"id":23754,"date":"2025-04-16T05:31:44","date_gmt":"2025-04-16T09:31:44","guid":{"rendered":"https:\/\/hebdo24.com\/2025\/04\/16\/sin-categoria\/harmonik-presenta-su-nuevo-album-idantiten-en-un-concierto-en-maryland\/"},"modified":"2025-05-11T18:14:22","modified_gmt":"2025-05-11T22:14:22","slug":"harmonik-presenta-su-nuevo-album-idantiten-en-un-concierto-en-maryland","status":"publish","type":"post","link":"https:\/\/hebdo24.com\/es\/harmonik-presenta-su-nuevo-album-idantiten-en-un-concierto-en-maryland\/","title":{"rendered":"Harmonik presenta su nuevo \u00e1lbum \u00abIDANTITE&#8217;N\u00bb en un concierto en Maryland"},"content":{"rendered":"&#13;\n<p class=\"p1\"><strong>El s\u00e1bado 12 de abril de 2025, el grupo haitiano Harmonik present\u00f3 su s\u00e9ptimo \u00e1lbum de estudio, Idantite&#8217;n, en un concierto especial en Maryland. Ante un p\u00fablico entusiasta, los miembros del grupo, entre los que se encontraban Nickenson Prudhomme y Marc D, ofrecieron una actuaci\u00f3n en\u00e9rgica, tocando varios temas in\u00e9ditos del \u00e1lbum. <\/strong><\/p>&#13;\n&#13;\n<p class=\"p1\">Idantite&#8217;n marca un punto de inflexi\u00f3n en la carrera del grupo, simbolizando un retorno a sus ra\u00edces tras periodos de transici\u00f3n. El \u00e1lbum mezcla h\u00e1bilmente sonidos kompa tradicionales con influencias contempor\u00e1neas, reflejando la asertiva identidad musical de Harmonik. <\/p>&#13;\n&#13;\n<p class=\"p1\">El lanzamiento de Idantite&#8217;n estuvo precedido de un periodo de reflexi\u00f3n y trabajo duro, como se\u00f1ala Nickenson Prudhomme: \u00abTras esos momentos dif\u00edciles, todo parec\u00eda incierto. Pero con una nueva conciencia de lo que representa Harmonik y el apoyo de muchos m\u00fasicos y personas cercanas, se recuper\u00f3 la confianza.\u00bb  <\/p>&#13;\n&#13;\n<p class=\"p1\">Este concierto en Maryland forma parte de una serie de actuaciones previstas para promocionar el \u00e1lbum internacionalmente. La banda tambi\u00e9n actuar\u00e1 en Le Z\u00e9nith de Par\u00eds el 20 de abril de 2025, dando a los fans europeos la oportunidad de descubrir en directo las nuevas composiciones de Harmonik.   <\/p>&#13;\n","protected":false},"excerpt":{"rendered":"<p>&#13; El s\u00e1bado 12 de abril de 2025, el grupo haitiano Harmonik present\u00f3 su s\u00e9ptimo \u00e1lbum de estudio, Idantite&#8217;n, en un concierto especial en Maryland. Ante un p\u00fablico entusiasta, los miembros del grupo, entre los que se encontraban Nickenson Prudhomme y Marc D, ofrecieron una actuaci\u00f3n en\u00e9rgica, tocando varios temas in\u00e9ditos del \u00e1lbum. &#13; &#13; [&hellip;]<\/p>\n","protected":false},"author":50,"featured_media":21800,"comment_status":"closed","ping_status":"open","sticky":false,"template":"","format":"standard","meta":{"footnotes":""},"categories":[2249],"tags":[2359,2362],"class_list":{"0":"post-23754","1":"post","2":"type-post","3":"status-publish","4":"format-standard","5":"has-post-thumbnail","7":"category-cultura","8":"tag-harmonik-es","9":"tag-idantiten-es"},"_links":{"self":[{"href":"https:\/\/hebdo24.com\/es\/wp-json\/wp\/v2\/posts\/23754","targetHints":{"allow":["GET"]}}],"collection":[{"href":"https:\/\/hebdo24.com\/es\/wp-json\/wp\/v2\/posts"}],"about":[{"href":"https:\/\/hebdo24.com\/es\/wp-json\/wp\/v2\/types\/post"}],"author":[{"embeddable":true,"href":"https:\/\/hebdo24.com\/es\/wp-json\/wp\/v2\/users\/50"}],"replies":[{"embeddable":true,"href":"https:\/\/hebdo24.com\/es\/wp-json\/wp\/v2\/comments?post=23754"}],"version-history":[{"count":1,"href":"https:\/\/hebdo24.com\/es\/wp-json\/wp\/v2\/posts\/23754\/revisions"}],"predecessor-version":[{"id":23756,"href":"https:\/\/hebdo24.com\/es\/wp-json\/wp\/v2\/posts\/23754\/revisions\/23756"}],"wp:featuredmedia":[{"embeddable":true,"href":"https:\/\/hebdo24.com\/es\/wp-json\/wp\/v2\/media\/21800"}],"wp:attachment":[{"href":"https:\/\/hebdo24.com\/es\/wp-json\/wp\/v2\/media?parent=23754"}],"wp:term":[{"taxonomy":"category","embeddable":true,"href":"https:\/\/hebdo24.com\/es\/wp-json\/wp\/v2\/categories?post=23754"},{"taxonomy":"post_tag","embeddable":true,"href":"https:\/\/hebdo24.com\/es\/wp-json\/wp\/v2\/tags?post=23754"}],"curies":[{"name":"wp","href":"https:\/\/api.w.org\/{rel}","templated":true}]}}