{"id":23719,"date":"2025-04-12T16:36:45","date_gmt":"2025-04-12T20:36:45","guid":{"rendered":"https:\/\/hebdo24.com\/2025\/04\/12\/sin-categoria\/la-ministra-kathia-verdier-declarada-persona-non-grata-en-las-jornadas-internacionales-de-la-diaspora-haitiana-en-montreal\/"},"modified":"2025-05-11T18:13:01","modified_gmt":"2025-05-11T22:13:01","slug":"la-ministra-kathia-verdier-declarada-persona-non-grata-en-las-jornadas-internacionales-de-la-diaspora-haitiana-en-montreal","status":"publish","type":"post","link":"https:\/\/hebdo24.com\/es\/la-ministra-kathia-verdier-declarada-persona-non-grata-en-las-jornadas-internacionales-de-la-diaspora-haitiana-en-montreal\/","title":{"rendered":"La ministra Kathia Verdier declarada persona non grata en las Jornadas Internacionales de la Di\u00e1spora Haitiana en Montreal"},"content":{"rendered":"&#13;\n<p class=\"p1\"><strong>El anuncio ha sido una sorpresa: la ministra Kathia Verdier, responsable de los haitianos residentes en el extranjero, ha sido declarada persona non grata en las Jornadas Internacionales de la Di\u00e1spora Haitiana en Montreal.  <\/strong><\/p>&#13;\n&#13;\n<p class=\"p1\">Una bofetada en la cara de un representante del Estado que, en lugar de ser acogido como interlocutor leg\u00edtimo, fue mantenido a distancia por los organizadores del acto.  <\/p>&#13;\n&#13;\n<p class=\"p1\">Esta decisi\u00f3n revela mucho m\u00e1s que una simple marginaci\u00f3n ceremonial. Refleja una profunda desconfianza, una ruptura entre el gobierno haitiano y su di\u00e1spora, que es esencial para la reconstrucci\u00f3n del pa\u00eds. <\/p>&#13;\n&#13;\n<p class=\"p1\">Kathia Verdier encarna una administraci\u00f3n debilitada.  <\/p>&#13;\n&#13;\n<p><strong>Leer tambi\u00e9n: <a href=\"https:\/\/hebdo24.com\/es\/kathia-verdier-et-le-mhave-une-ministre-inutile-pour-un-ministere-dysfonctionnel-3\/\">Kathia Verdier y el MHAVE: una ministra in\u00fatil para un ministerio disfuncional<\/a><\/strong><\/p>&#13;\n&#13;\n<p class=\"p1\">Mientras la di\u00e1spora haitiana mantiene en marcha la econom\u00eda nacional gracias a las remesas, el ministerio que dirige se esfuerza por tener una visi\u00f3n clara.<\/p>&#13;\n&#13;\n<p class=\"p1\">Al excluir a todos los representantes oficiales, los organizadores est\u00e1n enviando un mensaje inequ\u00edvoco: se niegan a ofrecer una plataforma a un gobierno considerado ineficaz, o incluso c\u00f3mplice del caos actual. Afirman su rechazo a que se les asocie con un Estado que fracasa.   <\/p>&#13;\n&#13;\n<p class=\"p1\">La ministra Kathia Verdier har\u00eda bien en aprender de esto. Su ministerio debe dejar atr\u00e1s las declaraciones de intenciones y aclarar su pol\u00edtica hacia los miembros de la di\u00e1spora. <\/p>&#13;\n&#13;\n<pre class=\"wp-block-preformatted\"><strong>Mantente conectado con Hebdo24<\/strong> <br\/><strong>A trav\u00e9s de nuestro canal de WhatsApp <a href=\"https:\/\/whatsapp.com\/channel\/0029Va7ff6tEFeXrqCON9u3j\" target=\"_blank\" rel=\"noopener\">https:\/\/whatsapp.com\/channel\/0029Va7ff6tEFeXrqCON9u3j<\/a><\/strong><\/pre>&#13;\n","protected":false},"excerpt":{"rendered":"<p>&#13; El anuncio ha sido una sorpresa: la ministra Kathia Verdier, responsable de los haitianos residentes en el extranjero, ha sido declarada persona non grata en las Jornadas Internacionales de la Di\u00e1spora Haitiana en Montreal. &#13; &#13; Una bofetada en la cara de un representante del Estado que, en lugar de ser acogido como interlocutor [&hellip;]<\/p>\n","protected":false},"author":50,"featured_media":21784,"comment_status":"closed","ping_status":"open","sticky":false,"template":"","format":"standard","meta":{"footnotes":""},"categories":[2326,2112],"tags":[2325,2327],"class_list":{"0":"post-23719","1":"post","2":"type-post","3":"status-publish","4":"format-standard","5":"has-post-thumbnail","7":"category-diaspora","8":"category-noticias","9":"tag-kathia-verdier-es","10":"tag-la-diaspora-haitiana-de-montreal"},"_links":{"self":[{"href":"https:\/\/hebdo24.com\/es\/wp-json\/wp\/v2\/posts\/23719","targetHints":{"allow":["GET"]}}],"collection":[{"href":"https:\/\/hebdo24.com\/es\/wp-json\/wp\/v2\/posts"}],"about":[{"href":"https:\/\/hebdo24.com\/es\/wp-json\/wp\/v2\/types\/post"}],"author":[{"embeddable":true,"href":"https:\/\/hebdo24.com\/es\/wp-json\/wp\/v2\/users\/50"}],"replies":[{"embeddable":true,"href":"https:\/\/hebdo24.com\/es\/wp-json\/wp\/v2\/comments?post=23719"}],"version-history":[{"count":1,"href":"https:\/\/hebdo24.com\/es\/wp-json\/wp\/v2\/posts\/23719\/revisions"}],"predecessor-version":[{"id":23721,"href":"https:\/\/hebdo24.com\/es\/wp-json\/wp\/v2\/posts\/23719\/revisions\/23721"}],"wp:featuredmedia":[{"embeddable":true,"href":"https:\/\/hebdo24.com\/es\/wp-json\/wp\/v2\/media\/21784"}],"wp:attachment":[{"href":"https:\/\/hebdo24.com\/es\/wp-json\/wp\/v2\/media?parent=23719"}],"wp:term":[{"taxonomy":"category","embeddable":true,"href":"https:\/\/hebdo24.com\/es\/wp-json\/wp\/v2\/categories?post=23719"},{"taxonomy":"post_tag","embeddable":true,"href":"https:\/\/hebdo24.com\/es\/wp-json\/wp\/v2\/tags?post=23719"}],"curies":[{"name":"wp","href":"https:\/\/api.w.org\/{rel}","templated":true}]}}