{"id":23707,"date":"2025-04-11T11:15:11","date_gmt":"2025-04-11T15:15:11","guid":{"rendered":"https:\/\/hebdo24.com\/2025\/04\/11\/sin-categoria\/el-primer-ministro-entre-lagrimas-por-la-republica-dominicana-pero-incapaz-de-reconocer-la-gravedad-de-la-situacion-nacional\/"},"modified":"2025-05-11T18:13:04","modified_gmt":"2025-05-11T22:13:04","slug":"el-primer-ministro-entre-lagrimas-por-la-republica-dominicana-pero-incapaz-de-reconocer-la-gravedad-de-la-situacion-nacional","status":"publish","type":"post","link":"https:\/\/hebdo24.com\/es\/el-primer-ministro-entre-lagrimas-por-la-republica-dominicana-pero-incapaz-de-reconocer-la-gravedad-de-la-situacion-nacional\/","title":{"rendered":"El Primer Ministro entre l\u00e1grimas por la Rep\u00fablica Dominicana, pero incapaz de reconocer la gravedad de la situaci\u00f3n nacional"},"content":{"rendered":"\n<p><strong>Recientemente ha circulado un v\u00eddeo estremecedor en el que se ve a los l\u00edderes de las bandas deambulando libremente por las calles de Mirebalais. Este espect\u00e1culo plantea cuestiones cruciales sobre la competencia y la moralidad de nuestros dirigentes. <\/strong><\/p>\n\n<p>El Primer Ministro, el Consejo de Ministros y los jefes de la Polic\u00eda Nacional Haitiana (PNH) parecen haber fracasado en la protecci\u00f3n de la poblaci\u00f3n, dejando en entredicho su integridad.<\/p>\n\n<p>Son c\u00f3mplices de un sistema que est\u00e1 corrompiendo nuestra sociedad.<\/p>\n\n<p>La inacci\u00f3n ante las tragedias de Mirebalais contrasta con la compasi\u00f3n expresada por el Primer Ministro por las v\u00edctimas de un incidente en la Rep\u00fablica Dominicana.<\/p>\n\n<p>Esta elecci\u00f3n de dar prioridad a un acontecimiento en el extranjero en detrimento de nuestro pueblo es un insulto.<\/p>\n\n<p>Es hora de exigir un cambio y pedir cuentas a nuestros dirigentes.<\/p>\n\n<p>Nuestro pa\u00eds se merece algo mejor que unos dirigentes indiferentes al sufrimiento de su pueblo.<\/p>\n","protected":false},"excerpt":{"rendered":"<p>Recientemente ha circulado un v\u00eddeo estremecedor en el que se ve a los l\u00edderes de las bandas deambulando libremente por las calles de Mirebalais. Este espect\u00e1culo plantea cuestiones cruciales sobre la competencia y la moralidad de nuestros dirigentes. El Primer Ministro, el Consejo de Ministros y los jefes de la Polic\u00eda Nacional Haitiana (PNH) parecen [&hellip;]<\/p>\n","protected":false},"author":59,"featured_media":21774,"comment_status":"closed","ping_status":"open","sticky":false,"template":"","format":"standard","meta":{"footnotes":""},"categories":[2141],"tags":[2171,2315,2142,2200,2187],"class_list":{"0":"post-23707","1":"post","2":"type-post","3":"status-publish","4":"format-standard","5":"has-post-thumbnail","7":"category-politica","8":"tag-alix-didier-fils-aime-es","9":"tag-crisis-politica","10":"tag-haiti-es","11":"tag-inseguridad-es","12":"tag-republica-dominicana"},"_links":{"self":[{"href":"https:\/\/hebdo24.com\/es\/wp-json\/wp\/v2\/posts\/23707","targetHints":{"allow":["GET"]}}],"collection":[{"href":"https:\/\/hebdo24.com\/es\/wp-json\/wp\/v2\/posts"}],"about":[{"href":"https:\/\/hebdo24.com\/es\/wp-json\/wp\/v2\/types\/post"}],"author":[{"embeddable":true,"href":"https:\/\/hebdo24.com\/es\/wp-json\/wp\/v2\/users\/59"}],"replies":[{"embeddable":true,"href":"https:\/\/hebdo24.com\/es\/wp-json\/wp\/v2\/comments?post=23707"}],"version-history":[{"count":1,"href":"https:\/\/hebdo24.com\/es\/wp-json\/wp\/v2\/posts\/23707\/revisions"}],"predecessor-version":[{"id":23709,"href":"https:\/\/hebdo24.com\/es\/wp-json\/wp\/v2\/posts\/23707\/revisions\/23709"}],"wp:featuredmedia":[{"embeddable":true,"href":"https:\/\/hebdo24.com\/es\/wp-json\/wp\/v2\/media\/21774"}],"wp:attachment":[{"href":"https:\/\/hebdo24.com\/es\/wp-json\/wp\/v2\/media?parent=23707"}],"wp:term":[{"taxonomy":"category","embeddable":true,"href":"https:\/\/hebdo24.com\/es\/wp-json\/wp\/v2\/categories?post=23707"},{"taxonomy":"post_tag","embeddable":true,"href":"https:\/\/hebdo24.com\/es\/wp-json\/wp\/v2\/tags?post=23707"}],"curies":[{"name":"wp","href":"https:\/\/api.w.org\/{rel}","templated":true}]}}