{"id":23695,"date":"2025-05-01T03:47:37","date_gmt":"2025-05-01T07:47:37","guid":{"rendered":"https:\/\/hebdo24.com\/2025\/05\/01\/sin-categoria\/el-silencio-del-gobierno-haitiano-ante-las-expulsiones-masivas-de-30-000-compatriotas-a-la-republica-dominicana\/"},"modified":"2025-05-11T17:51:11","modified_gmt":"2025-05-11T21:51:11","slug":"el-silencio-del-gobierno-haitiano-ante-las-expulsiones-masivas-de-30-000-compatriotas-a-la-republica-dominicana","status":"publish","type":"post","link":"https:\/\/hebdo24.com\/es\/el-silencio-del-gobierno-haitiano-ante-las-expulsiones-masivas-de-30-000-compatriotas-a-la-republica-dominicana\/","title":{"rendered":"El silencio del gobierno haitiano ante las expulsiones masivas de 30.000 compatriotas a la Rep\u00fablica Dominicana"},"content":{"rendered":"\n<p class=\"p1\"><strong>Entre enero y abril de 2024, la Rep\u00fablica Dominicana expuls\u00f3 a casi 30.000 haitianos, calificados de \u00abmigrantes irregulares\u00bb, lo que suscita gran preocupaci\u00f3n por el riesgo de crisis humanitaria y cuestiona la eficacia de la diplomacia haitiana.  <\/strong><\/p>\n\n<p class=\"p1\">El ministro del Interior dominicano, Jes\u00fas V\u00e1squez Mart\u00ednez, defendi\u00f3 las expulsiones, refiri\u00e9ndose a operaciones conjuntas entre las fuerzas militares y policiales para \u00abreforzar la seguridad nacional\u00bb.  <\/p>\n\n<p class=\"p1\">Sin embargo, estas acciones suscitan serias dudas sobre el respeto de los derechos humanos fundamentales, sobre todo a la vista de los testimonios condenatorios.  <\/p>\n\n<p class=\"p1\">Los deportados describen detenciones arbitrarias, confiscaci\u00f3n de bienes y violencia f\u00edsica, contradiciendo los principios de los acuerdos bilaterales de 1999, que te\u00f3ricamente proporcionan un marco para una repatriaci\u00f3n digna y ordenada.  <\/p>\n\n<p class=\"p1\">Sin embargo, ante estas reiteradas violaciones, el gobierno haitiano guarda un extra\u00f1o silencio, sin una condena firme ni una estrategia diplom\u00e1tica visible.  <\/p>\n\n<p class=\"p1\">Esta pasividad aumenta la vulnerabilidad de los ciudadanos haitianos y debilita las ya tensas relaciones entre ambos pa\u00edses.  <\/p>\n\n<p class=\"p1\">Se necesita una respuesta urgente: Puerto Pr\u00edncipe debe exigir un di\u00e1logo transparente con Santo Domingo para abordar las causas estructurales de la migraci\u00f3n, como la inestabilidad pol\u00edtica y la inseguridad econ\u00f3mica de Hait\u00ed.  <\/p>\n\n<p class=\"p1\">Al mismo tiempo, las medidas concretas para mejorar las condiciones de vida locales son esenciales para reducir el \u00e9xodo forzoso de la poblaci\u00f3n.  <\/p>\n\n<p class=\"p1\">La comunidad internacional, en particular la ONU y la CELAC, deben desempe\u00f1ar un papel mediador para garantizar el respeto de los derechos de los migrantes y evitar una escalada de tensiones.<\/p>\n\n<pre class=\"wp-block-preformatted\"><strong>Mantente conectado con Hebdo24<\/strong> <br\/><strong>A trav\u00e9s de nuestro canal de WhatsApp <a href=\"https:\/\/whatsapp.com\/channel\/0029Va7ff6tEFeXrqCON9u3j\" target=\"_blank\" rel=\"noopener\">https:\/\/whatsapp.com\/channel\/0029Va7ff6tEFeXrqCON9u3j<\/a><\/strong><\/pre>\n","protected":false},"excerpt":{"rendered":"<p>Entre enero y abril de 2024, la Rep\u00fablica Dominicana expuls\u00f3 a casi 30.000 haitianos, calificados de \u00abmigrantes irregulares\u00bb, lo que suscita gran preocupaci\u00f3n por el riesgo de crisis humanitaria y cuestiona la eficacia de la diplomacia haitiana. El ministro del Interior dominicano, Jes\u00fas V\u00e1squez Mart\u00ednez, defendi\u00f3 las expulsiones, refiri\u00e9ndose a operaciones conjuntas entre las fuerzas [&hellip;]<\/p>\n","protected":false},"author":51,"featured_media":21866,"comment_status":"closed","ping_status":"open","sticky":false,"template":"","format":"standard","meta":{"footnotes":""},"categories":[2112],"tags":[2171,2306],"class_list":{"0":"post-23695","1":"post","2":"type-post","3":"status-publish","4":"format-standard","5":"has-post-thumbnail","7":"category-noticias","8":"tag-alix-didier-fils-aime-es","9":"tag-harvel-jean-baptiste-es-2"},"_links":{"self":[{"href":"https:\/\/hebdo24.com\/es\/wp-json\/wp\/v2\/posts\/23695","targetHints":{"allow":["GET"]}}],"collection":[{"href":"https:\/\/hebdo24.com\/es\/wp-json\/wp\/v2\/posts"}],"about":[{"href":"https:\/\/hebdo24.com\/es\/wp-json\/wp\/v2\/types\/post"}],"author":[{"embeddable":true,"href":"https:\/\/hebdo24.com\/es\/wp-json\/wp\/v2\/users\/51"}],"replies":[{"embeddable":true,"href":"https:\/\/hebdo24.com\/es\/wp-json\/wp\/v2\/comments?post=23695"}],"version-history":[{"count":1,"href":"https:\/\/hebdo24.com\/es\/wp-json\/wp\/v2\/posts\/23695\/revisions"}],"predecessor-version":[{"id":23697,"href":"https:\/\/hebdo24.com\/es\/wp-json\/wp\/v2\/posts\/23695\/revisions\/23697"}],"wp:featuredmedia":[{"embeddable":true,"href":"https:\/\/hebdo24.com\/es\/wp-json\/wp\/v2\/media\/21866"}],"wp:attachment":[{"href":"https:\/\/hebdo24.com\/es\/wp-json\/wp\/v2\/media?parent=23695"}],"wp:term":[{"taxonomy":"category","embeddable":true,"href":"https:\/\/hebdo24.com\/es\/wp-json\/wp\/v2\/categories?post=23695"},{"taxonomy":"post_tag","embeddable":true,"href":"https:\/\/hebdo24.com\/es\/wp-json\/wp\/v2\/tags?post=23695"}],"curies":[{"name":"wp","href":"https:\/\/api.w.org\/{rel}","templated":true}]}}