{"id":23677,"date":"2025-04-28T21:15:20","date_gmt":"2025-04-29T01:15:20","guid":{"rendered":"https:\/\/hebdo24.com\/2025\/04\/28\/sin-categoria\/complicidad-entre-las-elites-que-gestionan-los-puertos-privados-de-haiti-y-las-bandas-el-ministro-de-asuntos-exteriores-dominicano-roberto-alvarez-acusa-a\/"},"modified":"2025-05-11T17:50:27","modified_gmt":"2025-05-11T21:50:27","slug":"complicidad-entre-las-elites-que-gestionan-los-puertos-privados-de-haiti-y-las-bandas-el-ministro-de-asuntos-exteriores-dominicano-roberto-alvarez-acusa-a","status":"publish","type":"post","link":"https:\/\/hebdo24.com\/es\/complicidad-entre-las-elites-que-gestionan-los-puertos-privados-de-haiti-y-las-bandas-el-ministro-de-asuntos-exteriores-dominicano-roberto-alvarez-acusa-a\/","title":{"rendered":"Complicidad entre las \u00e9lites que gestionan los puertos privados de Hait\u00ed y las bandas: el Ministro de Asuntos Exteriores dominicano Roberto \u00c1lvarez acusa a"},"content":{"rendered":"\n<p><strong>El ministro dominicano de Asuntos Exteriores ha acusado a la \u00e9lite que gestiona los dos principales puertos privados de Hait\u00ed de \u00abcomplicidad con las bandas\u00bb. La situaci\u00f3n en Hait\u00ed se deteriora, marcada por las acusaciones de que la \u00e9lite econ\u00f3mica es c\u00f3mplice de las bandas que amenazan a la poblaci\u00f3n. <\/strong><\/p>\n\n<p>Estas acusaciones, reveladas por el ministro dominicano de Asuntos Exteriores, ponen de manifiesto una creciente crisis humanitaria en la Rep\u00fablica Dominicana.<\/p>\n\n<p>Los puertos privados, esenciales para la econom\u00eda haitiana, est\u00e1n siendo criticados por su papel en la inseguridad, mientras que la \u00e9lite parece eludir sus responsabilidades ante la violencia.<\/p>\n\n<p>La respuesta del gobierno dominicano, centrada en medidas migratorias restrictivas, exacerba las tensiones entre ambos pa\u00edses y pasa por alto la necesidad de cooperaci\u00f3n para resolver los problemas subyacentes.<\/p>\n\n<p>Los llamamientos a un di\u00e1logo franco, apoyados por la ONU y Amnist\u00eda Internacional, subrayan la urgencia de un enfoque humanitario.<\/p>\n\n<p>Para un futuro estable, Hait\u00ed y la Rep\u00fablica Dominicana deben trabajar juntos para garantizar los derechos fundamentales y la seguridad de sus poblaciones.<\/p>\n\n<pre class=\"wp-block-preformatted\"><strong>Mantente conectado con Hebdo24<\/strong> <br\/><strong>A trav\u00e9s de nuestro canal de WhatsApp <a href=\"https:\/\/whatsapp.com\/channel\/0029Va7ff6tEFeXrqCON9u3j\" target=\"_blank\" rel=\"noopener\">https:\/\/whatsapp.com\/channel\/0029Va7ff6tEFeXrqCON9u3j<\/a><\/strong><\/pre>\n","protected":false},"excerpt":{"rendered":"<p>El ministro dominicano de Asuntos Exteriores ha acusado a la \u00e9lite que gestiona los dos principales puertos privados de Hait\u00ed de \u00abcomplicidad con las bandas\u00bb. La situaci\u00f3n en Hait\u00ed se deteriora, marcada por las acusaciones de que la \u00e9lite econ\u00f3mica es c\u00f3mplice de las bandas que amenazan a la poblaci\u00f3n. Estas acusaciones, reveladas por el [&hellip;]<\/p>\n","protected":false},"author":51,"featured_media":21862,"comment_status":"closed","ping_status":"open","sticky":false,"template":"","format":"standard","meta":{"footnotes":""},"categories":[2131,2112],"tags":[2142,2291],"class_list":{"0":"post-23677","1":"post","2":"type-post","3":"status-publish","4":"format-standard","5":"has-post-thumbnail","7":"category-diplomacia","8":"category-noticias","9":"tag-haiti-es","10":"tag-roberto-alvarez-es"},"_links":{"self":[{"href":"https:\/\/hebdo24.com\/es\/wp-json\/wp\/v2\/posts\/23677","targetHints":{"allow":["GET"]}}],"collection":[{"href":"https:\/\/hebdo24.com\/es\/wp-json\/wp\/v2\/posts"}],"about":[{"href":"https:\/\/hebdo24.com\/es\/wp-json\/wp\/v2\/types\/post"}],"author":[{"embeddable":true,"href":"https:\/\/hebdo24.com\/es\/wp-json\/wp\/v2\/users\/51"}],"replies":[{"embeddable":true,"href":"https:\/\/hebdo24.com\/es\/wp-json\/wp\/v2\/comments?post=23677"}],"version-history":[{"count":1,"href":"https:\/\/hebdo24.com\/es\/wp-json\/wp\/v2\/posts\/23677\/revisions"}],"predecessor-version":[{"id":23680,"href":"https:\/\/hebdo24.com\/es\/wp-json\/wp\/v2\/posts\/23677\/revisions\/23680"}],"wp:featuredmedia":[{"embeddable":true,"href":"https:\/\/hebdo24.com\/es\/wp-json\/wp\/v2\/media\/21862"}],"wp:attachment":[{"href":"https:\/\/hebdo24.com\/es\/wp-json\/wp\/v2\/media?parent=23677"}],"wp:term":[{"taxonomy":"category","embeddable":true,"href":"https:\/\/hebdo24.com\/es\/wp-json\/wp\/v2\/categories?post=23677"},{"taxonomy":"post_tag","embeddable":true,"href":"https:\/\/hebdo24.com\/es\/wp-json\/wp\/v2\/tags?post=23677"}],"curies":[{"name":"wp","href":"https:\/\/api.w.org\/{rel}","templated":true}]}}