{"id":23611,"date":"2025-04-24T16:02:44","date_gmt":"2025-04-24T20:02:44","guid":{"rendered":"https:\/\/hebdo24.com\/2025\/04\/24\/sin-categoria\/republica-dominicana-la-inaccion-del-gobierno-haitiano-ante-las-deportaciones-de-mujeres-embarazadas-y-ninos-despierta-lastima\/"},"modified":"2025-05-11T17:48:25","modified_gmt":"2025-05-11T21:48:25","slug":"republica-dominicana-la-inaccion-del-gobierno-haitiano-ante-las-deportaciones-de-mujeres-embarazadas-y-ninos-despierta-lastima","status":"publish","type":"post","link":"https:\/\/hebdo24.com\/es\/republica-dominicana-la-inaccion-del-gobierno-haitiano-ante-las-deportaciones-de-mujeres-embarazadas-y-ninos-despierta-lastima\/","title":{"rendered":"Rep\u00fablica Dominicana: La inacci\u00f3n del gobierno haitiano ante las deportaciones de mujeres embarazadas y ni\u00f1os despierta l\u00e1stima&nbsp;"},"content":{"rendered":"\n<p class=\"p1\"><strong>La Rep\u00fablica Dominicana deport\u00f3 recientemente a Hait\u00ed a 135 mujeres embarazadas, madres y ni\u00f1os, en el marco de una ofensiva contra la inmigraci\u00f3n ilegal.  <\/strong><\/p>\n\n<p class=\"p1\">Esta medida forma parte de una nueva pol\u00edtica que obliga a los hospitales p\u00fablicos a comprobar la identidad de los pacientes, lo que suscita preocupaci\u00f3n por el acceso de las poblaciones vulnerables a la atenci\u00f3n m\u00e9dica.  <\/p>\n\n<p class=\"p1\">Las autoridades afirman que los deportados fueron tratados con dignidad y enviados a casa tras recibir tratamiento m\u00e9dico.  <\/p>\n\n<p class=\"p1\">Sin embargo, grupos de derechos humanos, como Amnist\u00eda Internacional, advierten de que las consecuencias de esta pol\u00edtica podr\u00edan disuadir a las personas necesitadas de acudir al hospital por miedo a ser deportadas.  <\/p>\n\n<p class=\"p1\">En los \u00faltimos seis meses, m\u00e1s de 180.000 personas han sido devueltas a Hait\u00ed, un pa\u00eds asolado por la violencia de las bandas y una creciente crisis humanitaria.  <\/p>\n\n<p class=\"p1\">Funcionarios de la ONU advierten de que la situaci\u00f3n en Hait\u00ed est\u00e1 llegando a un punto de no retorno.<\/p>\n","protected":false},"excerpt":{"rendered":"<p>La Rep\u00fablica Dominicana deport\u00f3 recientemente a Hait\u00ed a 135 mujeres embarazadas, madres y ni\u00f1os, en el marco de una ofensiva contra la inmigraci\u00f3n ilegal. Esta medida forma parte de una nueva pol\u00edtica que obliga a los hospitales p\u00fablicos a comprobar la identidad de los pacientes, lo que suscita preocupaci\u00f3n por el acceso de las poblaciones [&hellip;]<\/p>\n","protected":false},"author":59,"featured_media":21838,"comment_status":"closed","ping_status":"open","sticky":false,"template":"","format":"standard","meta":{"footnotes":""},"categories":[2185,2112],"tags":[2226,2142,2187],"class_list":{"0":"post-23611","1":"post","2":"type-post","3":"status-publish","4":"format-standard","5":"has-post-thumbnail","7":"category-migracion","8":"category-noticias","9":"tag-deportacion","10":"tag-haiti-es","11":"tag-republica-dominicana"},"_links":{"self":[{"href":"https:\/\/hebdo24.com\/es\/wp-json\/wp\/v2\/posts\/23611","targetHints":{"allow":["GET"]}}],"collection":[{"href":"https:\/\/hebdo24.com\/es\/wp-json\/wp\/v2\/posts"}],"about":[{"href":"https:\/\/hebdo24.com\/es\/wp-json\/wp\/v2\/types\/post"}],"author":[{"embeddable":true,"href":"https:\/\/hebdo24.com\/es\/wp-json\/wp\/v2\/users\/59"}],"replies":[{"embeddable":true,"href":"https:\/\/hebdo24.com\/es\/wp-json\/wp\/v2\/comments?post=23611"}],"version-history":[{"count":1,"href":"https:\/\/hebdo24.com\/es\/wp-json\/wp\/v2\/posts\/23611\/revisions"}],"predecessor-version":[{"id":23614,"href":"https:\/\/hebdo24.com\/es\/wp-json\/wp\/v2\/posts\/23611\/revisions\/23614"}],"wp:featuredmedia":[{"embeddable":true,"href":"https:\/\/hebdo24.com\/es\/wp-json\/wp\/v2\/media\/21838"}],"wp:attachment":[{"href":"https:\/\/hebdo24.com\/es\/wp-json\/wp\/v2\/media?parent=23611"}],"wp:term":[{"taxonomy":"category","embeddable":true,"href":"https:\/\/hebdo24.com\/es\/wp-json\/wp\/v2\/categories?post=23611"},{"taxonomy":"post_tag","embeddable":true,"href":"https:\/\/hebdo24.com\/es\/wp-json\/wp\/v2\/tags?post=23611"}],"curies":[{"name":"wp","href":"https:\/\/api.w.org\/{rel}","templated":true}]}}