{"id":23606,"date":"2025-04-23T08:10:41","date_gmt":"2025-04-23T12:10:41","guid":{"rendered":"https:\/\/hebdo24.com\/2025\/04\/23\/sin-categoria\/sera-haitiano-el-proximo-papa\/"},"modified":"2025-05-11T17:48:13","modified_gmt":"2025-05-11T21:48:13","slug":"sera-haitiano-el-proximo-papa","status":"publish","type":"post","link":"https:\/\/hebdo24.com\/es\/sera-haitiano-el-proximo-papa\/","title":{"rendered":"\u00bfSer\u00e1 haitiano el pr\u00f3ximo Papa?"},"content":{"rendered":"\n<p><strong>La cuesti\u00f3n de si el pr\u00f3ximo Papa podr\u00eda ser haitiano, sobre todo con el cardenal Chibly Langlois, suscita complejos debates.<\/strong><\/p>\n\n<p>Aunque elegible, Langlois no encaja en el perfil de los \u00abpapabili\u00bb, los cardenales influyentes con redes dentro de la Curia.<\/p>\n\n<p>Su nombramiento en 2014 por el Papa Francisco fue un gesto fuerte, pero no ha establecido conexiones significativas en el Vaticano, lo que le pone en desventaja en un c\u00f3nclave.<\/p>\n\n<p>Mientras que figuras influyentes como Pietro Parolin y Matteo Zuppi est\u00e1n en la carrera, Langlois sigue teniendo un perfil bajo en la escena internacional.<\/p>\n\n<p>Aunque encarna a una Iglesia centrada en los marginados, su falta de experiencia romana y su arraigo en las instituciones vaticanas limitan sus posibilidades.<\/p>\n\n<p>La elecci\u00f3n papal, aunque espiritual, es ante todo un asunto pragm\u00e1tico, donde el realismo prevalece sobre el idealismo, haciendo que su candidatura sea m\u00e1s simb\u00f3lica que aut\u00e9ntica.<\/p>\n\n<pre class=\"wp-block-preformatted\"><strong>Mantente conectado con Hebdo24<\/strong> <br\/><strong>A trav\u00e9s de nuestro canal de WhatsApp <a href=\"https:\/\/whatsapp.com\/channel\/0029Va7ff6tEFeXrqCON9u3j\" target=\"_blank\" rel=\"noopener\">https:\/\/whatsapp.com\/channel\/0029Va7ff6tEFeXrqCON9u3j<\/a><\/strong><\/pre>\n","protected":false},"excerpt":{"rendered":"<p>La cuesti\u00f3n de si el pr\u00f3ximo Papa podr\u00eda ser haitiano, sobre todo con el cardenal Chibly Langlois, suscita complejos debates. Aunque elegible, Langlois no encaja en el perfil de los \u00abpapabili\u00bb, los cardenales influyentes con redes dentro de la Curia. Su nombramiento en 2014 por el Papa Francisco fue un gesto fuerte, pero no ha [&hellip;]<\/p>\n","protected":false},"author":51,"featured_media":21832,"comment_status":"closed","ping_status":"open","sticky":false,"template":"","format":"standard","meta":{"footnotes":""},"categories":[2112,2218],"tags":[2220,2219],"class_list":{"0":"post-23606","1":"post","2":"type-post","3":"status-publish","4":"format-standard","5":"has-post-thumbnail","7":"category-noticias","8":"category-religion","9":"tag-chibly-langlois-es","10":"tag-pape-es"},"_links":{"self":[{"href":"https:\/\/hebdo24.com\/es\/wp-json\/wp\/v2\/posts\/23606","targetHints":{"allow":["GET"]}}],"collection":[{"href":"https:\/\/hebdo24.com\/es\/wp-json\/wp\/v2\/posts"}],"about":[{"href":"https:\/\/hebdo24.com\/es\/wp-json\/wp\/v2\/types\/post"}],"author":[{"embeddable":true,"href":"https:\/\/hebdo24.com\/es\/wp-json\/wp\/v2\/users\/51"}],"replies":[{"embeddable":true,"href":"https:\/\/hebdo24.com\/es\/wp-json\/wp\/v2\/comments?post=23606"}],"version-history":[{"count":1,"href":"https:\/\/hebdo24.com\/es\/wp-json\/wp\/v2\/posts\/23606\/revisions"}],"predecessor-version":[{"id":23608,"href":"https:\/\/hebdo24.com\/es\/wp-json\/wp\/v2\/posts\/23606\/revisions\/23608"}],"wp:featuredmedia":[{"embeddable":true,"href":"https:\/\/hebdo24.com\/es\/wp-json\/wp\/v2\/media\/21832"}],"wp:attachment":[{"href":"https:\/\/hebdo24.com\/es\/wp-json\/wp\/v2\/media?parent=23606"}],"wp:term":[{"taxonomy":"category","embeddable":true,"href":"https:\/\/hebdo24.com\/es\/wp-json\/wp\/v2\/categories?post=23606"},{"taxonomy":"post_tag","embeddable":true,"href":"https:\/\/hebdo24.com\/es\/wp-json\/wp\/v2\/tags?post=23606"}],"curies":[{"name":"wp","href":"https:\/\/api.w.org\/{rel}","templated":true}]}}