{"id":23531,"date":"2025-05-06T14:02:22","date_gmt":"2025-05-06T18:02:22","guid":{"rendered":"https:\/\/hebdo24.com\/2025\/05\/06\/sin-categoria\/deportacion-de-mas-de-119-000-haitianos-a-la-republica-dominicana-el-gobierno-de-alix-didier-fils-aime-guarda-silencio\/"},"modified":"2025-05-11T17:44:26","modified_gmt":"2025-05-11T21:44:26","slug":"deportacion-de-mas-de-119-000-haitianos-a-la-republica-dominicana-el-gobierno-de-alix-didier-fils-aime-guarda-silencio","status":"publish","type":"post","link":"https:\/\/hebdo24.com\/es\/deportacion-de-mas-de-119-000-haitianos-a-la-republica-dominicana-el-gobierno-de-alix-didier-fils-aime-guarda-silencio\/","title":{"rendered":"Deportaci\u00f3n de m\u00e1s de 119.000 haitianos a la Rep\u00fablica Dominicana: el gobierno de Alix Didier Fils-Aim\u00e9 guarda silencio"},"content":{"rendered":"&#13;\n<p><strong>La crisis migratoria entre Hait\u00ed y la Rep\u00fablica Dominicana se ha agravado con la deportaci\u00f3n de m\u00e1s de 119.000 haitianos ilegales en menos de cuatro meses.<\/strong><\/p>&#13;\n&#13;\n<p>La pol\u00edtica migratoria de la Rep\u00fablica Dominicana, dirigida por el presidente Luis Abinader, pretende reducir la \u00absuperpoblaci\u00f3n migrante\u00bb y va acompa\u00f1ada de m\u00e9todos controvertidos, como las expulsiones colectivas, que han sido denunciadas por Amnist\u00eda Internacional.<\/p>&#13;\n&#13;\n<p>Mientras tanto, Hait\u00ed, ya sumido en una grave crisis interna, se esfuerza por responder a esta situaci\u00f3n, con un retorno masivo de expulsados a un pa\u00eds desorganizado.<\/p>&#13;\n&#13;\n<p>La falta de planes de acogida y apoyo refuerza la necesidad urgente de cooperaci\u00f3n regional.<\/p>&#13;\n&#13;\n<p>Pedimos la mediaci\u00f3n internacional y subrayamos que la migraci\u00f3n no puede resolverse por la fuerza, sino que requiere justicia social y solidaridad para evitar un empeoramiento de la violencia y la pobreza en la regi\u00f3n.<\/p>&#13;\n<pre>Restez connect\u00e9 avec Hebdo24 <br\/>Via Notre Channel WhatsApp <a href=\"http:\/\/&#x27A1;&#xFE0F; https:\/\/h24.my\/a5\">\u27a1\ufe0f https:\/\/h24.my\/a5<\/a><\/pre>&#13;\n","protected":false},"excerpt":{"rendered":"<p>&#13; La crisis migratoria entre Hait\u00ed y la Rep\u00fablica Dominicana se ha agravado con la deportaci\u00f3n de m\u00e1s de 119.000 haitianos ilegales en menos de cuatro meses. &#13; &#13; La pol\u00edtica migratoria de la Rep\u00fablica Dominicana, dirigida por el presidente Luis Abinader, pretende reducir la \u00absuperpoblaci\u00f3n migrante\u00bb y va acompa\u00f1ada de m\u00e9todos controvertidos, como las [&hellip;]<\/p>\n","protected":false},"author":59,"featured_media":23456,"comment_status":"closed","ping_status":"open","sticky":false,"template":"","format":"standard","meta":{"footnotes":""},"categories":[2185,2112],"tags":[2188,2190,2187],"class_list":{"0":"post-23531","1":"post","2":"type-post","3":"status-publish","4":"format-standard","5":"has-post-thumbnail","7":"category-migracion","8":"category-noticias","9":"tag-deportacion-de-haitianos","10":"tag-gobierno-de-alix-didier-fils-aime","11":"tag-republica-dominicana"},"_links":{"self":[{"href":"https:\/\/hebdo24.com\/es\/wp-json\/wp\/v2\/posts\/23531","targetHints":{"allow":["GET"]}}],"collection":[{"href":"https:\/\/hebdo24.com\/es\/wp-json\/wp\/v2\/posts"}],"about":[{"href":"https:\/\/hebdo24.com\/es\/wp-json\/wp\/v2\/types\/post"}],"author":[{"embeddable":true,"href":"https:\/\/hebdo24.com\/es\/wp-json\/wp\/v2\/users\/59"}],"replies":[{"embeddable":true,"href":"https:\/\/hebdo24.com\/es\/wp-json\/wp\/v2\/comments?post=23531"}],"version-history":[{"count":1,"href":"https:\/\/hebdo24.com\/es\/wp-json\/wp\/v2\/posts\/23531\/revisions"}],"predecessor-version":[{"id":23539,"href":"https:\/\/hebdo24.com\/es\/wp-json\/wp\/v2\/posts\/23531\/revisions\/23539"}],"wp:featuredmedia":[{"embeddable":true,"href":"https:\/\/hebdo24.com\/es\/wp-json\/wp\/v2\/media\/23456"}],"wp:attachment":[{"href":"https:\/\/hebdo24.com\/es\/wp-json\/wp\/v2\/media?parent=23531"}],"wp:term":[{"taxonomy":"category","embeddable":true,"href":"https:\/\/hebdo24.com\/es\/wp-json\/wp\/v2\/categories?post=23531"},{"taxonomy":"post_tag","embeddable":true,"href":"https:\/\/hebdo24.com\/es\/wp-json\/wp\/v2\/tags?post=23531"}],"curies":[{"name":"wp","href":"https:\/\/api.w.org\/{rel}","templated":true}]}}