{"id":23529,"date":"2025-05-02T11:54:11","date_gmt":"2025-05-02T15:54:11","guid":{"rendered":"https:\/\/hebdo24.com\/2025\/05\/02\/sin-categoria\/por-ultimo-los-grupos-armados-de-haiti-clasificados-como-organizaciones-terroristas-por-estados-unidos\/"},"modified":"2025-05-11T17:44:25","modified_gmt":"2025-05-11T21:44:25","slug":"por-ultimo-los-grupos-armados-de-haiti-clasificados-como-organizaciones-terroristas-por-estados-unidos","status":"publish","type":"post","link":"https:\/\/hebdo24.com\/es\/por-ultimo-los-grupos-armados-de-haiti-clasificados-como-organizaciones-terroristas-por-estados-unidos\/","title":{"rendered":"Por \u00faltimo, los grupos armados de Hait\u00ed clasificados como organizaciones terroristas por Estados Unidos"},"content":{"rendered":"&#13;\n<p><strong>El martes 2 de mayo, Estados Unidos incluy\u00f3 oficialmente al grupo armado haitiano Viv Ansanm en la lista de organizaciones terroristas de la Oficina de Control de Activos Extranjeros (OFAC), dependiente del Departamento del Tesoro estadounidense.<\/strong><\/p>&#13;\n&#13;\n<p>Seg\u00fan la OFAC, \u00abViv Ansanm\u00bb est\u00e1 considerada una organizaci\u00f3n terrorista criminal transnacional, establecida desde septiembre de 2023. La designaci\u00f3n se basa en la secci\u00f3n 1(b) de la Orden Ejecutiva 13224, modificada por la Orden Ejecutiva 13886, que permite al gobierno estadounidense sancionar a entidades consideradas responsables de actividades terroristas o de apoyo al terrorismo internacional. <\/p>&#13;\n&#13;\n<p>Adem\u00e1s, la coalici\u00f3n de la que Barbacoa es portavoz tambi\u00e9n est\u00e1 incluida en los programas SDGT (Terrorista Global Especialmente Designado) y FTO (Organizaci\u00f3n Terrorista Extranjera), lo que autom\u00e1ticamente congela sus activos en Estados Unidos, proh\u00edbe su acceso al sistema financiero estadounidense e impone severas sanciones a cualquier persona u organizaci\u00f3n que mantenga relaciones econ\u00f3micas o log\u00edsticas con ella.<\/p>&#13;\n&#13;\n<pre class=\"wp-block-preformatted\"><strong>Mantente conectado con Hebdo24<\/strong> <br\/><strong>A trav\u00e9s de nuestro canal de WhatsApp <a href=\"https:\/\/whatsapp.com\/channel\/0029Va7ff6tEFeXrqCON9u3j\" target=\"_blank\" rel=\"noopener\">https:\/\/whatsapp.com\/channel\/0029Va7ff6tEFeXrqCON9u3j<\/a><\/strong><\/pre>&#13;\n","protected":false},"excerpt":{"rendered":"<p>&#13; El martes 2 de mayo, Estados Unidos incluy\u00f3 oficialmente al grupo armado haitiano Viv Ansanm en la lista de organizaciones terroristas de la Oficina de Control de Activos Extranjeros (OFAC), dependiente del Departamento del Tesoro estadounidense. &#13; &#13; Seg\u00fan la OFAC, \u00abViv Ansanm\u00bb est\u00e1 considerada una organizaci\u00f3n terrorista criminal transnacional, establecida desde septiembre de [&hellip;]<\/p>\n","protected":false},"author":50,"featured_media":21876,"comment_status":"closed","ping_status":"open","sticky":false,"template":"","format":"standard","meta":{"footnotes":""},"categories":[2132,2112],"tags":[2152,2153,2151],"class_list":{"0":"post-23529","1":"post","2":"type-post","3":"status-publish","4":"format-standard","5":"has-post-thumbnail","7":"category-justicia","8":"category-noticias","9":"tag-ee-uu","10":"tag-terrorista","11":"tag-viv-ansanm-es"},"_links":{"self":[{"href":"https:\/\/hebdo24.com\/es\/wp-json\/wp\/v2\/posts\/23529","targetHints":{"allow":["GET"]}}],"collection":[{"href":"https:\/\/hebdo24.com\/es\/wp-json\/wp\/v2\/posts"}],"about":[{"href":"https:\/\/hebdo24.com\/es\/wp-json\/wp\/v2\/types\/post"}],"author":[{"embeddable":true,"href":"https:\/\/hebdo24.com\/es\/wp-json\/wp\/v2\/users\/50"}],"replies":[{"embeddable":true,"href":"https:\/\/hebdo24.com\/es\/wp-json\/wp\/v2\/comments?post=23529"}],"version-history":[{"count":1,"href":"https:\/\/hebdo24.com\/es\/wp-json\/wp\/v2\/posts\/23529\/revisions"}],"predecessor-version":[{"id":23538,"href":"https:\/\/hebdo24.com\/es\/wp-json\/wp\/v2\/posts\/23529\/revisions\/23538"}],"wp:featuredmedia":[{"embeddable":true,"href":"https:\/\/hebdo24.com\/es\/wp-json\/wp\/v2\/media\/21876"}],"wp:attachment":[{"href":"https:\/\/hebdo24.com\/es\/wp-json\/wp\/v2\/media?parent=23529"}],"wp:term":[{"taxonomy":"category","embeddable":true,"href":"https:\/\/hebdo24.com\/es\/wp-json\/wp\/v2\/categories?post=23529"},{"taxonomy":"post_tag","embeddable":true,"href":"https:\/\/hebdo24.com\/es\/wp-json\/wp\/v2\/tags?post=23529"}],"curies":[{"name":"wp","href":"https:\/\/api.w.org\/{rel}","templated":true}]}}