{"id":23524,"date":"2025-05-06T15:23:09","date_gmt":"2025-05-06T19:23:09","guid":{"rendered":"https:\/\/hebdo24.com\/2025\/05\/06\/sin-categoria\/moise-jean-charles-cazado-como-la-peste-en-saint-raphael\/"},"modified":"2025-05-11T17:44:25","modified_gmt":"2025-05-11T21:44:25","slug":"moise-jean-charles-cazado-como-la-peste-en-saint-raphael","status":"publish","type":"post","link":"https:\/\/hebdo24.com\/es\/moise-jean-charles-cazado-como-la-peste-en-saint-raphael\/","title":{"rendered":"Mo\u00efse Jean-Charles cazado como la peste en Saint Rapha\u00ebl"},"content":{"rendered":"\n<p class=\"p1\"><strong>Adulado ayer por su lucha contra el poder opresor y especulador del PHTK, hoy el l\u00edder de Pitit Dessalines, Mo\u00efse Jean-Charles, es odiado a escala nacional. La raz\u00f3n: el ex senador enga\u00f1\u00f3 a todo el mundo, afirmando defender la causa del pueblo, cuando lo \u00fanico que quer\u00eda era disfrutar de los privilegios del poder. Como resultado, se ha convertido en una peste pol\u00edtica.    <\/strong><\/p>\n\n<p class=\"p1\">El domingo 4 de mayo de 2025, en un mitin en Saint Rapha\u00ebl (Departamento del Norte), Mo\u00efse Jean-Charles intent\u00f3, tras una larga ausencia, reanudar el contacto con miembros de la poblaci\u00f3n. Fue un c\u00e1lculo muy pobre por parte del trabajador pol\u00edtico. Fue v\u00edctima de un intento de agresi\u00f3n por parte de una muchedumbre que le llam\u00f3 la atenci\u00f3n.    <\/p>\n\n<p class=\"p1\">Protegido por un pu\u00f1ado de simpatizantes, el antiguo opositor del PHTK, que se hizo un nombre en los gobiernos de Ariel Henry y Garry Conille y estuvo representado en el CPT y en el gobierno de Alix Didier Fils-Aim\u00e9, tuvo que abandonar la ciudad a toda prisa. Quiz\u00e1 fue v\u00edctima de la \u00abBwa kale\u00bb. \u00bfQui\u00e9n sabe?  <\/p>\n","protected":false},"excerpt":{"rendered":"<p>Adulado ayer por su lucha contra el poder opresor y especulador del PHTK, hoy el l\u00edder de Pitit Dessalines, Mo\u00efse Jean-Charles, es odiado a escala nacional. La raz\u00f3n: el ex senador enga\u00f1\u00f3 a todo el mundo, afirmando defender la causa del pueblo, cuando lo \u00fanico que quer\u00eda era disfrutar de los privilegios del poder. Como [&hellip;]<\/p>\n","protected":false},"author":51,"featured_media":23460,"comment_status":"closed","ping_status":"open","sticky":false,"template":"","format":"standard","meta":{"footnotes":""},"categories":[2141],"tags":[2180,2183],"class_list":{"0":"post-23524","1":"post","2":"type-post","3":"status-publish","4":"format-standard","5":"has-post-thumbnail","7":"category-politica","8":"tag-moise-jean-charles-es","9":"tag-san-rafael"},"_links":{"self":[{"href":"https:\/\/hebdo24.com\/es\/wp-json\/wp\/v2\/posts\/23524","targetHints":{"allow":["GET"]}}],"collection":[{"href":"https:\/\/hebdo24.com\/es\/wp-json\/wp\/v2\/posts"}],"about":[{"href":"https:\/\/hebdo24.com\/es\/wp-json\/wp\/v2\/types\/post"}],"author":[{"embeddable":true,"href":"https:\/\/hebdo24.com\/es\/wp-json\/wp\/v2\/users\/51"}],"replies":[{"embeddable":true,"href":"https:\/\/hebdo24.com\/es\/wp-json\/wp\/v2\/comments?post=23524"}],"version-history":[{"count":1,"href":"https:\/\/hebdo24.com\/es\/wp-json\/wp\/v2\/posts\/23524\/revisions"}],"predecessor-version":[{"id":23534,"href":"https:\/\/hebdo24.com\/es\/wp-json\/wp\/v2\/posts\/23524\/revisions\/23534"}],"wp:featuredmedia":[{"embeddable":true,"href":"https:\/\/hebdo24.com\/es\/wp-json\/wp\/v2\/media\/23460"}],"wp:attachment":[{"href":"https:\/\/hebdo24.com\/es\/wp-json\/wp\/v2\/media?parent=23524"}],"wp:term":[{"taxonomy":"category","embeddable":true,"href":"https:\/\/hebdo24.com\/es\/wp-json\/wp\/v2\/categories?post=23524"},{"taxonomy":"post_tag","embeddable":true,"href":"https:\/\/hebdo24.com\/es\/wp-json\/wp\/v2\/tags?post=23524"}],"curies":[{"name":"wp","href":"https:\/\/api.w.org\/{rel}","templated":true}]}}