{"id":23503,"date":"2025-05-04T16:02:11","date_gmt":"2025-05-04T20:02:11","guid":{"rendered":"https:\/\/hebdo24.com\/2025\/05\/04\/sin-categoria\/designacion-de-bandas-haitianas-como-terroristas-por-parte-de-estados-unidos-cuales-son-las-consecuencias\/"},"modified":"2025-05-11T17:44:11","modified_gmt":"2025-05-11T21:44:11","slug":"designacion-de-bandas-haitianas-como-terroristas-por-parte-de-estados-unidos-cuales-son-las-consecuencias","status":"publish","type":"post","link":"https:\/\/hebdo24.com\/es\/designacion-de-bandas-haitianas-como-terroristas-por-parte-de-estados-unidos-cuales-son-las-consecuencias\/","title":{"rendered":"Designaci\u00f3n de bandas haitianas como terroristas por parte de Estados Unidos: \u00bfcu\u00e1les son las consecuencias?"},"content":{"rendered":"&#13;\n<p><strong>El 2 de mayo, Estados Unidos clasific\u00f3 a las bandas haitianas Viv Ansanm y Gran Grif como \u00aborganizaciones terroristas extranjeras\u00bb, una medida presentada como el fin de la impunidad. Sin embargo, esta decisi\u00f3n corre el riesgo de agravar la crisis humanitaria, social y migratoria en Hait\u00ed.<\/strong><\/p>&#13;\n&#13;\n<p>Al criminalizar a estos grupos, los programas de desmovilizaci\u00f3n, sobre todo para los reclutas menores de edad, se vuelven complejos. El di\u00e1logo entre los actores humanitarios y las bandas, crucial para la prestaci\u00f3n de ayuda y el alto el fuego, se ha visto comprometido.<\/p>&#13;\n&#13;\n<p>Tambi\u00e9n se podr\u00eda acusar a las ONG de \u00abapoyar el terrorismo\u00bb por operar en zonas gangrenadas (60% de Puerto Pr\u00edncipe). La estigmatizaci\u00f3n de los migrantes haitianos en Estados Unidos podr\u00eda intensificarse, con deportaciones aceleradas por meras sospechas.<\/p>&#13;\n&#13;\n<p>Este enfoque represivo ignora la realidad local: estas bandas, arraigadas en din\u00e1micas de poder y vinculadas a las \u00e9lites, no son c\u00e9lulas transnacionales. Las sanciones extraterritoriales corren el riesgo de alimentar la violencia.<\/p>&#13;\n<pre class=\"p1\"><strong><span class=\"s1\">Restez connect\u00e9 avec Hebdo24<\/span><\/strong><br\/><br\/><strong><span class=\"s1\">Via Notre Channel WhatsApp <\/span><span class=\"s2\">\u27a1\ufe0f<a href=\"https:\/\/h24.my\/a5\" target=\"_blank\" rel=\"noopener\">https:\/\/h24.my\/a5<\/a><\/span><\/strong><\/pre>&#13;\n&#13;\n<p>La comunidad internacional debe dar prioridad a las soluciones integradoras: creaci\u00f3n de instituciones, justicia transicional e inversi\u00f3n socioecon\u00f3mica. De lo contrario, esta designaci\u00f3n no ser\u00e1 m\u00e1s que una cortina de humo, que exacerbar\u00e1 el caos que dice combatir.<\/p>&#13;\n","protected":false},"excerpt":{"rendered":"<p>&#13; El 2 de mayo, Estados Unidos clasific\u00f3 a las bandas haitianas Viv Ansanm y Gran Grif como \u00aborganizaciones terroristas extranjeras\u00bb, una medida presentada como el fin de la impunidad. Sin embargo, esta decisi\u00f3n corre el riesgo de agravar la crisis humanitaria, social y migratoria en Hait\u00ed. &#13; &#13; Al criminalizar a estos grupos, los [&hellip;]<\/p>\n","protected":false},"author":51,"featured_media":21892,"comment_status":"closed","ping_status":"open","sticky":false,"template":"","format":"standard","meta":{"footnotes":""},"categories":[2141],"tags":[2152,2154,2142,2153,2151],"class_list":{"0":"post-23503","1":"post","2":"type-post","3":"status-publish","4":"format-standard","5":"has-post-thumbnail","7":"category-politica","8":"tag-ee-uu","9":"tag-gran-grif-es","10":"tag-haiti-es","11":"tag-terrorista","12":"tag-viv-ansanm-es"},"_links":{"self":[{"href":"https:\/\/hebdo24.com\/es\/wp-json\/wp\/v2\/posts\/23503","targetHints":{"allow":["GET"]}}],"collection":[{"href":"https:\/\/hebdo24.com\/es\/wp-json\/wp\/v2\/posts"}],"about":[{"href":"https:\/\/hebdo24.com\/es\/wp-json\/wp\/v2\/types\/post"}],"author":[{"embeddable":true,"href":"https:\/\/hebdo24.com\/es\/wp-json\/wp\/v2\/users\/51"}],"replies":[{"embeddable":true,"href":"https:\/\/hebdo24.com\/es\/wp-json\/wp\/v2\/comments?post=23503"}],"version-history":[{"count":1,"href":"https:\/\/hebdo24.com\/es\/wp-json\/wp\/v2\/posts\/23503\/revisions"}],"predecessor-version":[{"id":23512,"href":"https:\/\/hebdo24.com\/es\/wp-json\/wp\/v2\/posts\/23503\/revisions\/23512"}],"wp:featuredmedia":[{"embeddable":true,"href":"https:\/\/hebdo24.com\/es\/wp-json\/wp\/v2\/media\/21892"}],"wp:attachment":[{"href":"https:\/\/hebdo24.com\/es\/wp-json\/wp\/v2\/media?parent=23503"}],"wp:term":[{"taxonomy":"category","embeddable":true,"href":"https:\/\/hebdo24.com\/es\/wp-json\/wp\/v2\/categories?post=23503"},{"taxonomy":"post_tag","embeddable":true,"href":"https:\/\/hebdo24.com\/es\/wp-json\/wp\/v2\/tags?post=23503"}],"curies":[{"name":"wp","href":"https:\/\/api.w.org\/{rel}","templated":true}]}}