{"id":23496,"date":"2025-05-09T21:35:29","date_gmt":"2025-05-10T01:35:29","guid":{"rendered":"https:\/\/hebdo24.com\/2025\/05\/09\/sin-categoria\/completamente-borrado-como-jefe-del-mae-harvel-jean-baptiste-saluda-la-eleccion-del-papa-leon-xiv-su-primer-balance-politico\/"},"modified":"2025-05-09T21:35:29","modified_gmt":"2025-05-10T01:35:29","slug":"completamente-borrado-como-jefe-del-mae-harvel-jean-baptiste-saluda-la-eleccion-del-papa-leon-xiv-su-primer-balance-politico","status":"publish","type":"post","link":"https:\/\/hebdo24.com\/es\/completamente-borrado-como-jefe-del-mae-harvel-jean-baptiste-saluda-la-eleccion-del-papa-leon-xiv-su-primer-balance-politico\/","title":{"rendered":"Completamente borrado como jefe del MAE, Harvel Jean-Baptiste saluda la elecci\u00f3n del Papa Le\u00f3n XIV: su primer balance pol\u00edtico"},"content":{"rendered":"<p><strong>El ministro de Asuntos Exteriores de Hait\u00ed, Harvel Jean-Baptiste, llam\u00f3 recientemente la atenci\u00f3n con un llamativo tuit en el que se felicitaba por la elecci\u00f3n del Papa Le\u00f3n XIV.<\/strong><\/p>\n<p>Este gesto, aunque simb\u00f3lico, representa su primer registro pol\u00edtico desde su nombramiento.<\/p>\n<p>En su tuit, expres\u00f3 la esperanza de que este nuevo pontificado fomente la solidaridad y la comprensi\u00f3n entre los pueblos, en particular frente a las cuestiones migratorias.<\/p>\n<p>Sin embargo, esta valoraci\u00f3n, calificada de \u00abluminosa\u00bb, plantea interrogantes sobre el compromiso del ministro en un contexto diplom\u00e1tico mundial complejo.<\/p>\n<p>Los desaf\u00edos a los que se enfrenta Hait\u00ed exigen reformas concretas y audaces, como las que puso en marcha su predecesor, que sent\u00f3 las bases de la modernizaci\u00f3n de la diplomacia haitiana, en particular defendiendo los derechos de nuestros compatriotas en el extranjero y elevando el perfil de Hait\u00ed en la escena internacional.<\/p>\n<p>Hoy, mientras Jean-Baptiste parece contentarse con una gesti\u00f3n silenciosa, su tuit de apoyo al Papa sigue siendo la ilustraci\u00f3n de su primer gran r\u00e9cord, dejando a los observadores a la espera de reformas significativas para el pa\u00eds.<\/p>\n","protected":false},"excerpt":{"rendered":"<p>El ministro de Asuntos Exteriores de Hait\u00ed, Harvel Jean-Baptiste, llam\u00f3 recientemente la atenci\u00f3n con un llamativo tuit en el que se felicitaba por la elecci\u00f3n del Papa Le\u00f3n XIV. Este gesto, aunque simb\u00f3lico, representa su primer registro pol\u00edtico desde su nombramiento. En su tuit, expres\u00f3 la esperanza de que este nuevo pontificado fomente la solidaridad [&hellip;]<\/p>\n","protected":false},"author":51,"featured_media":23478,"comment_status":"open","ping_status":"open","sticky":false,"template":"","format":"standard","meta":{"footnotes":""},"categories":[2131],"tags":[2133,2134],"class_list":{"0":"post-23496","1":"post","2":"type-post","3":"status-publish","4":"format-standard","5":"has-post-thumbnail","7":"category-diplomacia","8":"tag-harvel-jean-baptiste-es","9":"tag-papa-robert-francis-prevost"},"_links":{"self":[{"href":"https:\/\/hebdo24.com\/es\/wp-json\/wp\/v2\/posts\/23496","targetHints":{"allow":["GET"]}}],"collection":[{"href":"https:\/\/hebdo24.com\/es\/wp-json\/wp\/v2\/posts"}],"about":[{"href":"https:\/\/hebdo24.com\/es\/wp-json\/wp\/v2\/types\/post"}],"author":[{"embeddable":true,"href":"https:\/\/hebdo24.com\/es\/wp-json\/wp\/v2\/users\/51"}],"replies":[{"embeddable":true,"href":"https:\/\/hebdo24.com\/es\/wp-json\/wp\/v2\/comments?post=23496"}],"version-history":[{"count":0,"href":"https:\/\/hebdo24.com\/es\/wp-json\/wp\/v2\/posts\/23496\/revisions"}],"wp:featuredmedia":[{"embeddable":true,"href":"https:\/\/hebdo24.com\/es\/wp-json\/wp\/v2\/media\/23478"}],"wp:attachment":[{"href":"https:\/\/hebdo24.com\/es\/wp-json\/wp\/v2\/media?parent=23496"}],"wp:term":[{"taxonomy":"category","embeddable":true,"href":"https:\/\/hebdo24.com\/es\/wp-json\/wp\/v2\/categories?post=23496"},{"taxonomy":"post_tag","embeddable":true,"href":"https:\/\/hebdo24.com\/es\/wp-json\/wp\/v2\/tags?post=23496"}],"curies":[{"name":"wp","href":"https:\/\/api.w.org\/{rel}","templated":true}]}}