{"id":21407,"date":"2025-05-10T20:00:27","date_gmt":"2025-05-11T00:00:27","guid":{"rendered":"https:\/\/hebdo24.com\/2025\/05\/10\/sin-categoria\/preocupada-por-los-malos-resultados-del-cpt-la-comunidad-internacional-se-plantea-un-nuevo-reparto-politico\/"},"modified":"2025-05-10T20:00:27","modified_gmt":"2025-05-11T00:00:27","slug":"preocupada-por-los-malos-resultados-del-cpt-la-comunidad-internacional-se-plantea-un-nuevo-reparto-politico","status":"publish","type":"post","link":"https:\/\/hebdo24.com\/es\/preocupada-por-los-malos-resultados-del-cpt-la-comunidad-internacional-se-plantea-un-nuevo-reparto-politico\/","title":{"rendered":"Preocupada por los malos resultados del CPT, la comunidad internacional se plantea un nuevo reparto pol\u00edtico"},"content":{"rendered":"<p class=\"p1\"><strong><span class=\"s1\">La situaci\u00f3n en Hait\u00ed es cr\u00edtica, marcada por una creciente inestabilidad. El CPT, dirigido por Fritz Jean, est\u00e1 plagado de luchas internas y marcado por cierta ineficacia.<\/span><\/strong><\/p>\n<p class=\"p1\"><span class=\"s1\">El CPT, que se supone que debe garantizar una transici\u00f3n pac\u00edfica, act\u00faa por oportunismo, con dirigentes pol\u00edticos que buscan conservar su poder. Mientras tanto, la violencia de las bandas va en aumento y la poblaci\u00f3n sufre.  <\/span><\/p>\n<p class=\"p1\"><span class=\"s1\">La comunidad internacional, preocupada por la situaci\u00f3n, podr\u00eda provocar la implosi\u00f3n del CPT en pocos meses, seg\u00fan fuentes diplom\u00e1ticas.<\/span><\/p>\n<p class=\"p1\"><span class=\"s1\">Para salir de este punto muerto, Hait\u00ed necesita l\u00edderes leg\u00edtimos y un apoyo internacional que favorezca el di\u00e1logo, evitando as\u00ed que se repitan los errores del pasado.<\/span><\/p>\n","protected":false},"excerpt":{"rendered":"<p>La situaci\u00f3n en Hait\u00ed es cr\u00edtica, marcada por una creciente inestabilidad. El CPT, dirigido por Fritz Jean, est\u00e1 plagado de luchas internas y marcado por cierta ineficacia. El CPT, que se supone que debe garantizar una transici\u00f3n pac\u00edfica, act\u00faa por oportunismo, con dirigentes pol\u00edticos que buscan conservar su poder. Mientras tanto, la violencia de las [&hellip;]<\/p>\n","protected":false},"author":59,"featured_media":21413,"comment_status":"open","ping_status":"open","sticky":false,"template":"","format":"standard","meta":{"footnotes":""},"categories":[2123],"tags":[2124],"class_list":{"0":"post-21407","1":"post","2":"type-post","3":"status-publish","4":"format-standard","5":"has-post-thumbnail","7":"category-editorial","8":"tag-cpt-es"},"_links":{"self":[{"href":"https:\/\/hebdo24.com\/es\/wp-json\/wp\/v2\/posts\/21407","targetHints":{"allow":["GET"]}}],"collection":[{"href":"https:\/\/hebdo24.com\/es\/wp-json\/wp\/v2\/posts"}],"about":[{"href":"https:\/\/hebdo24.com\/es\/wp-json\/wp\/v2\/types\/post"}],"author":[{"embeddable":true,"href":"https:\/\/hebdo24.com\/es\/wp-json\/wp\/v2\/users\/59"}],"replies":[{"embeddable":true,"href":"https:\/\/hebdo24.com\/es\/wp-json\/wp\/v2\/comments?post=21407"}],"version-history":[{"count":0,"href":"https:\/\/hebdo24.com\/es\/wp-json\/wp\/v2\/posts\/21407\/revisions"}],"wp:featuredmedia":[{"embeddable":true,"href":"https:\/\/hebdo24.com\/es\/wp-json\/wp\/v2\/media\/21413"}],"wp:attachment":[{"href":"https:\/\/hebdo24.com\/es\/wp-json\/wp\/v2\/media?parent=21407"}],"wp:term":[{"taxonomy":"category","embeddable":true,"href":"https:\/\/hebdo24.com\/es\/wp-json\/wp\/v2\/categories?post=21407"},{"taxonomy":"post_tag","embeddable":true,"href":"https:\/\/hebdo24.com\/es\/wp-json\/wp\/v2\/tags?post=21407"}],"curies":[{"name":"wp","href":"https:\/\/api.w.org\/{rel}","templated":true}]}}